{"id":839,"date":"2010-05-21T10:32:00","date_gmt":"2010-05-21T10:32:00","guid":{"rendered":"http:\/\/www.toque-musicall.com\/?p=839"},"modified":"2010-05-21T10:32:00","modified_gmt":"2010-05-21T10:32:00","slug":"adilson-adriano-eu-gosto-tanto-de-voce-sd","status":"publish","type":"post","link":"https:\/\/www.toque-musicall.com\/?p=839","title":{"rendered":"Adilson Adriano &#8211; Eu Gosto Tanto De Voc\u00ea (S\/D)"},"content":{"rendered":"<p><a href=\"http:\/\/3.bp.blogspot.com\/_DSKVEvHtskc\/S_ZiHJTmRLI\/AAAAAAAAGks\/JgiOCKCkqfE\/s1600\/adilson+adriano+P.JPG\"><img decoding=\"async\" style=\"TEXT-ALIGN: center; MARGIN: 0px auto 10px; WIDTH: 399px; DISPLAY: block; HEIGHT: 400px; CURSOR: hand\" id=\"BLOGGER_PHOTO_ID_5473670272012141746\" border=\"0\" alt=\"\" src=\"http:\/\/3.bp.blogspot.com\/_DSKVEvHtskc\/S_ZiHJTmRLI\/AAAAAAAAGks\/JgiOCKCkqfE\/s400\/adilson+adriano+P.JPG\" \/><\/a> Ol\u00e1 amigos cultos e ocultos, bom dia! Hoje \u00e9 sexta feira, mas independente de qualquer coisa, continuamos batendo na mesma tecla. Ainda neste resto de semana ir\u00e3o ecoar os discos Paladium. Por isso, n\u00e3o teremos aqui o \u00e1lbum\/artista independente. Semana que vem a gente volta \u00e0 normalidade, ok?<br \/>Seguimos com mais um disco sob o selo Paladium. Desta vez temos o cantor revela\u00e7\u00e3o da Bemol, Adilson Adriano. Seu primeiro disco, &#8220;Nasce um novo \u00eddolo&#8221;, saiu pelo selo Bemol. <a href=\"http:\/\/2.bp.blogspot.com\/_DSKVEvHtskc\/S_Zh9h7DUlI\/AAAAAAAAGkk\/AtiMi9feIAE\/s1600\/Adilson+Adriano+-.jpg\"><img decoding=\"async\" style=\"MARGIN: 0px 10px 10px 0px; WIDTH: 200px; FLOAT: left; HEIGHT: 199px; CURSOR: hand\" id=\"BLOGGER_PHOTO_ID_5473670106821382738\" border=\"0\" alt=\"\" src=\"http:\/\/2.bp.blogspot.com\/_DSKVEvHtskc\/S_Zh9h7DUlI\/AAAAAAAAGkk\/AtiMi9feIAE\/s200\/Adilson+Adriano+-.jpg\" \/><\/a>Embora eu nunca o tenha escutado, vejo pelo an\u00fancio de venda do lp em v\u00e1rios sites, que se trata de um disco de Bossa Nova, mas eu duvido, considerando que este artista foi moldado para a Jovem Guarda. Al\u00e9m de cantor, o cara era tamb\u00e9m compositor. Existem m\u00fasicas dele gravadas por artistas da Jovem Guarda. A Bemol tamb\u00e9m lan\u00e7ou ele em compacto, uma prova de que a gravadora tinha interesse em investir em sua carreira. Pelo que eu soube, ele come\u00e7ou a se destacar, fazendo p\u00e1reo com figuras como Agnaldo Tim\u00f3teo e a\u00ed, a Odeon resolveu contrat\u00e1-lo, prometendo lhe um disco que nunca saiu. Ele foi colocado na geladeira. Uma estrat\u00e9gia t\u00edpica das grandes empresas quando querem abafar o concorrente. Ele tentou voltar \u00e0 Bemol, mas nessa altura a gravadora j\u00e1 n\u00e3o tinha mais interesse. N\u00e3o sei que fim levou&#8230;<br \/>O presente \u00e1lbum, parte de alguma caixa das cole\u00e7\u00f5es Paladium, re\u00fane uma s\u00e9rie de m\u00fasica de Evaldo Gouveia e Jair Amorim, Luiz Ayr\u00e3o e tamb\u00e9m composi\u00e7\u00f5es pr\u00f3prias. Tudo isso revestido por uma atmosfera de Jovem Guarda rom\u00e2ntica e brega. Acredito, pelo estilo Paladium, que essas m\u00fasicas s\u00e3o as que forma lan\u00e7adas em seu lp e compacto anterior pelo selo Bemol.<\/p>\n<div align=\"center\">canzone per ti<\/div>\n<div align=\"center\">quem ser\u00e1<\/div>\n<div align=\"center\">canta menina<\/div>\n<div align=\"center\">pavana para um amor enfermo<\/div>\n<div align=\"center\">\u00e0 meu filho<\/div>\n<div align=\"center\">quem vai chorar sou eu<\/div>\n<div align=\"center\">quando o sol aparecer<\/div>\n<div align=\"center\">n\u00e3o me deixe mais<\/div>\n<div align=\"center\">o sol, a lua e eu<\/div>\n<div align=\"center\">eu gosto tanto de voc\u00ea<\/div>\n<div align=\"center\">aleluia<\/div>\n<div align=\"center\">balada para qualquer natal<\/div>\n<div align=\"center\"> <\/div>\n<div align=\"center\"> <\/div>\n<p><img decoding=\"async\" class=\"gl_photo\" border=\"0\" alt=\"Adicionar imagem\" src=\"http:\/\/www.blogger.com\/img\/blank.gif\" \/><\/p>\n","protected":false},"excerpt":{"rendered":"<p>Ol\u00e1 amigos cultos e ocultos, bom dia! Hoje \u00e9 sexta feira, mas independente de qualquer coisa, continuamos batendo na mesma tecla. Ainda neste resto de semana ir\u00e3o ecoar os discos Paladium. Por isso, n\u00e3o teremos aqui o \u00e1lbum\/artista independente. Semana &hellip; <a href=\"https:\/\/www.toque-musicall.com\/?p=839\">Continue lendo <span class=\"meta-nav\">&rarr;<\/span><\/a><\/p>\n","protected":false},"author":1,"featured_media":0,"comment_status":"open","ping_status":"closed","sticky":false,"template":"","format":"standard","meta":{"footnotes":""},"categories":[1146,682],"tags":[],"class_list":["post-839","post","type-post","status-publish","format-standard","hentry","category-adilson-adriano","category-paladium"],"_links":{"self":[{"href":"https:\/\/www.toque-musicall.com\/index.php?rest_route=\/wp\/v2\/posts\/839","targetHints":{"allow":["GET"]}}],"collection":[{"href":"https:\/\/www.toque-musicall.com\/index.php?rest_route=\/wp\/v2\/posts"}],"about":[{"href":"https:\/\/www.toque-musicall.com\/index.php?rest_route=\/wp\/v2\/types\/post"}],"author":[{"embeddable":true,"href":"https:\/\/www.toque-musicall.com\/index.php?rest_route=\/wp\/v2\/users\/1"}],"replies":[{"embeddable":true,"href":"https:\/\/www.toque-musicall.com\/index.php?rest_route=%2Fwp%2Fv2%2Fcomments&post=839"}],"version-history":[{"count":0,"href":"https:\/\/www.toque-musicall.com\/index.php?rest_route=\/wp\/v2\/posts\/839\/revisions"}],"wp:attachment":[{"href":"https:\/\/www.toque-musicall.com\/index.php?rest_route=%2Fwp%2Fv2%2Fmedia&parent=839"}],"wp:term":[{"taxonomy":"category","embeddable":true,"href":"https:\/\/www.toque-musicall.com\/index.php?rest_route=%2Fwp%2Fv2%2Fcategories&post=839"},{"taxonomy":"post_tag","embeddable":true,"href":"https:\/\/www.toque-musicall.com\/index.php?rest_route=%2Fwp%2Fv2%2Ftags&post=839"}],"curies":[{"name":"wp","href":"https:\/\/api.w.org\/{rel}","templated":true}]}}