{"id":8394,"date":"2021-04-08T00:45:00","date_gmt":"2021-04-08T03:45:00","guid":{"rendered":"http:\/\/www.toque-musicall.com\/?p=8394"},"modified":"2021-04-17T00:49:05","modified_gmt":"2021-04-17T03:49:05","slug":"fred-da-cor-do-chocolate-1989","status":"publish","type":"post","link":"https:\/\/www.toque-musicall.com\/?p=8394","title":{"rendered":"Fred &#8211; Da Cor Do Chocolate (1989)"},"content":{"rendered":"\n<figure class=\"wp-block-image size-large\"><img decoding=\"async\" src=\"https:\/\/1.bp.blogspot.com\/-Bt0FF_KbyNg\/YHe4PwbMu2I\/AAAAAAAATiU\/1ukuB0ePWp4pueMe436G-ILTNFwhj8yxACLcBGAsYHQ\/w616-h640\/Anota%25C3%25A7%25C3%25A3o%2B2021-02-03%2B212233.jpg\" alt=\"\"\/><\/figure>\n\n\n\n<figure class=\"wp-block-image size-large\"><img decoding=\"async\" src=\"https:\/\/1.bp.blogspot.com\/-GKjF83F92X0\/YHe4P5ZJ-JI\/AAAAAAAATiY\/MZuVUwVFCN4PAaUEzMfRD0ePq1vxrulhgCLcBGAsYHQ\/w640-h638\/Anota%25C3%25A7%25C3%25A3o%2B2021-02-03%2B212315.jpg\" alt=\"\"\/><\/figure>\n\n\n<div class=\"separator\">Boa noite, amigos cultos e ocultos! Em uma das minhas muitas idas a S\u00e3o Paulo, achei num sebo este disco que de cara me chamou a aten\u00e7\u00e3o por conta de sua capa, ou melhor, o modelo de capa que fugia totalmente dos padr\u00f5es que conhecemos, capa em uma esp\u00e9cie de estojo (pl\u00e1stico duro), criada e patenteada pelo pr\u00f3prio artista. Coisa pouco funcional em se tratando, no caso, de uma cole\u00e7\u00e3o, mas interessante enquanto conceito de um \u00e1lbum. E o \u00e1lbum aqui \u00e9 a express\u00e3o do que passou a ser conhecido como &#8216;samba-rock&#8217;, um tipo de m\u00fasica que nos remete a Jorge Benjor, Bebeto, Franco, H\u00e9lio Matheus&#8230; Inclusive este \u00faltimo, H\u00e9lio Matheus, est\u00e1 presente na parceria da m\u00fasica que d\u00e1 nome ao disco. &#8220;Da cor de chocolate&#8221;, acredito, foi o segundo lp de Fred. Ele antes j\u00e1 havia gravado &#8220;Olhos Negros&#8221;, disco tamb\u00e9m nessa linha de samba-rock. Infelizmente, pouca ou quase nada a gene encontra de informa\u00e7\u00e3o sobre esse artista. No Youtube \u00e9 poss\u00edvel ouvir os discos, inclusive no canal do pr\u00f3prio artista, por\u00e9m, nem l\u00e1 le fez quest\u00e3o de uma pequena resenha. Enfim, o disco est\u00e1 a\u00ed&#8230; Divers\u00e3o garantida para quem curti um swing. Confiram no GTM&#8230;\u00a0<\/div>\n<div class=\"separator\">\u00a0<\/div>\n<div class=\"separator\">linda e consciente<\/div>\n<div class=\"separator\">bay rock reg bey<\/div>\n<div class=\"separator\">lago do tanque<\/div>\n<div class=\"separator\">mimosa<\/div>\n<div class=\"separator\">aboli\u00e7\u00e3o<\/div>\n<div class=\"separator\">da cor do chocolate<\/div>\n<div class=\"separator\">talento<\/div>\n<div class=\"separator\">minha metade<\/div>\n<div class=\"separator\">mensageira<\/div>\n<div class=\"separator\">deixa o amor<\/div>\n<div class=\"separator\">\u00a0<\/div>\n<div class=\"separator\">.<\/div>\n<div class=\"separator\">\u00a0<\/div>","protected":false},"excerpt":{"rendered":"<p>Boa noite, amigos cultos e ocultos! Em uma das minhas muitas idas a S\u00e3o Paulo, achei num sebo este disco que de cara me chamou a aten\u00e7\u00e3o por conta de sua capa, ou melhor, o modelo de capa que fugia &hellip; <a href=\"https:\/\/www.toque-musicall.com\/?p=8394\">Continue lendo <span class=\"meta-nav\">&rarr;<\/span><\/a><\/p>\n","protected":false},"author":1,"featured_media":0,"comment_status":"closed","ping_status":"closed","sticky":false,"template":"","format":"standard","meta":{"footnotes":""},"categories":[4413],"tags":[4414,3017],"class_list":["post-8394","post","type-post","status-publish","format-standard","hentry","category-fred","tag-fred","tag-selo-independente"],"_links":{"self":[{"href":"https:\/\/www.toque-musicall.com\/index.php?rest_route=\/wp\/v2\/posts\/8394","targetHints":{"allow":["GET"]}}],"collection":[{"href":"https:\/\/www.toque-musicall.com\/index.php?rest_route=\/wp\/v2\/posts"}],"about":[{"href":"https:\/\/www.toque-musicall.com\/index.php?rest_route=\/wp\/v2\/types\/post"}],"author":[{"embeddable":true,"href":"https:\/\/www.toque-musicall.com\/index.php?rest_route=\/wp\/v2\/users\/1"}],"replies":[{"embeddable":true,"href":"https:\/\/www.toque-musicall.com\/index.php?rest_route=%2Fwp%2Fv2%2Fcomments&post=8394"}],"version-history":[{"count":1,"href":"https:\/\/www.toque-musicall.com\/index.php?rest_route=\/wp\/v2\/posts\/8394\/revisions"}],"predecessor-version":[{"id":8395,"href":"https:\/\/www.toque-musicall.com\/index.php?rest_route=\/wp\/v2\/posts\/8394\/revisions\/8395"}],"wp:attachment":[{"href":"https:\/\/www.toque-musicall.com\/index.php?rest_route=%2Fwp%2Fv2%2Fmedia&parent=8394"}],"wp:term":[{"taxonomy":"category","embeddable":true,"href":"https:\/\/www.toque-musicall.com\/index.php?rest_route=%2Fwp%2Fv2%2Fcategories&post=8394"},{"taxonomy":"post_tag","embeddable":true,"href":"https:\/\/www.toque-musicall.com\/index.php?rest_route=%2Fwp%2Fv2%2Ftags&post=8394"}],"curies":[{"name":"wp","href":"https:\/\/api.w.org\/{rel}","templated":true}]}}