{"id":8396,"date":"2021-04-09T00:49:00","date_gmt":"2021-04-09T03:49:00","guid":{"rendered":"http:\/\/www.toque-musicall.com\/?p=8396"},"modified":"2021-04-17T00:53:22","modified_gmt":"2021-04-17T03:53:22","slug":"celio-evangelista-reflexos-197","status":"publish","type":"post","link":"https:\/\/www.toque-musicall.com\/?p=8396","title":{"rendered":"C\u00e9lio Evangelista &#8211; Reflexos (197&#8230;)"},"content":{"rendered":"\n<figure class=\"wp-block-image size-large\"><img decoding=\"async\" src=\"https:\/\/1.bp.blogspot.com\/-8KqwH5azoAk\/YHe5gnz-1lI\/AAAAAAAATio\/ldyF5MLhaD8ncowomVgl5iGDIOmFFBqSACLcBGAsYHQ\/w640-h616\/Anota%25C3%25A7%25C3%25A3o%2B2021-04-15%2B003800.jpg\" alt=\"\"\/><\/figure>\n\n\n\n<figure class=\"wp-block-image size-large\"><img decoding=\"async\" src=\"https:\/\/1.bp.blogspot.com\/-0JyL6xhdSsU\/YHe5gn7CcWI\/AAAAAAAATik\/5ByLYcUUfY0RSFZbFaGC-bYL868fiOI1QCLcBGAsYHQ\/w636-h640\/Anota%25C3%25A7%25C3%25A3o%2B2021-04-15%2B003859.jpg\" alt=\"\"\/><\/figure>\n\n\n<div class=\"separator\">Ol\u00e1, amigos cultos e ocultos, um bom dia para voc\u00eas! Aqui vou eu trazendo mais um daqueles discos que s\u00f3 mesmo por aqui podem ser vistos e ouvidos com outros olhos. Como todos j\u00e1 devem saber, uma coisa que gostamos \u00e9 de postar discos obscuros, raros e curiosos. E este aqui tem tudo a ver&#8230; Um disco instrumental, solo, de piano. &#8220;Reflexos&#8221; \u00e9 o nome do lp e por aqui, o que temos pode ser muito pouco para essa apresenta\u00e7\u00e3o. Do pouco ou quase nada o que sabemos \u00e9 que este disco est\u00e1 ligado a comunidade esp\u00edrita. Trata-se de um disco interpretado por um pianista, C\u00e9lio Evangelista, com m\u00fasicas de autoria da m\u00e9dium Neusa Timponi. Do pouco que encontramos na rede, sabemos que as m\u00fasicas de Neusa Timponi s\u00e3o psicografadas, ou seja, m\u00fasicas de esp\u00edritos por ela incorporados. Pelo pouco que sabemos, &#8220;Reflexos&#8221; teve um segundo disco, o volume 2, que segue na mesma linha e interpretado tamb\u00e9m por esse pianista. Ao que parece, este lp foi lan\u00e7ado na d\u00e9cada de 70, mas n\u00e3o sabemos ao certo o ano. Quem gosta de m\u00fasicas com piano, ao estilo floreado, deve talvez gostar deste aqui. Confiram no GTM<\/div>\n<div class=\"separator\">\u00a0<\/div>\n<div class=\"separator\">roda da vida<\/div>\n<div class=\"separator\">outono<\/div>\n<div class=\"separator\">caixinha de m\u00fasica<\/div>\n<div class=\"separator\">nise<\/div>\n<div class=\"separator\">leila<\/div>\n<div class=\"separator\">solange<\/div>\n<div class=\"separator\">daniela<\/div>\n<div class=\"separator\">teca<\/div>\n<div class=\"separator\">mirian<\/div>\n<div class=\"separator\">marcelo<\/div>\n<div class=\"separator\">via lactea<\/div>\n<div class=\"separator\">m\u00fasica de ninar<\/div>\n<div class=\"separator\">irma<\/div>\n<div class=\"separator\">laurita<\/div>\n<div class=\"separator\">no tempo da vov\u00f3<\/div>\n<div class=\"separator\">tita\u00a0<\/div>\n<div class=\"separator\">lourdinha<\/div>\n<div class=\"separator\">\u00a0<\/div>\n<div class=\"separator\">\u00a0<\/div>\n<div class=\"separator\">.<\/div>","protected":false},"excerpt":{"rendered":"<p>Ol\u00e1, amigos cultos e ocultos, um bom dia para voc\u00eas! Aqui vou eu trazendo mais um daqueles discos que s\u00f3 mesmo por aqui podem ser vistos e ouvidos com outros olhos. Como todos j\u00e1 devem saber, uma coisa que gostamos &hellip; <a href=\"https:\/\/www.toque-musicall.com\/?p=8396\">Continue lendo <span class=\"meta-nav\">&rarr;<\/span><\/a><\/p>\n","protected":false},"author":1,"featured_media":0,"comment_status":"closed","ping_status":"closed","sticky":false,"template":"","format":"standard","meta":{"footnotes":""},"categories":[4415,4416,4417],"tags":[4418,3017],"class_list":["post-8396","post","type-post","status-publish","format-standard","hentry","category-celio-evangelista","category-neusa-timponi","category-selo-independe","tag-celio-evangelista","tag-selo-independente"],"_links":{"self":[{"href":"https:\/\/www.toque-musicall.com\/index.php?rest_route=\/wp\/v2\/posts\/8396","targetHints":{"allow":["GET"]}}],"collection":[{"href":"https:\/\/www.toque-musicall.com\/index.php?rest_route=\/wp\/v2\/posts"}],"about":[{"href":"https:\/\/www.toque-musicall.com\/index.php?rest_route=\/wp\/v2\/types\/post"}],"author":[{"embeddable":true,"href":"https:\/\/www.toque-musicall.com\/index.php?rest_route=\/wp\/v2\/users\/1"}],"replies":[{"embeddable":true,"href":"https:\/\/www.toque-musicall.com\/index.php?rest_route=%2Fwp%2Fv2%2Fcomments&post=8396"}],"version-history":[{"count":1,"href":"https:\/\/www.toque-musicall.com\/index.php?rest_route=\/wp\/v2\/posts\/8396\/revisions"}],"predecessor-version":[{"id":8397,"href":"https:\/\/www.toque-musicall.com\/index.php?rest_route=\/wp\/v2\/posts\/8396\/revisions\/8397"}],"wp:attachment":[{"href":"https:\/\/www.toque-musicall.com\/index.php?rest_route=%2Fwp%2Fv2%2Fmedia&parent=8396"}],"wp:term":[{"taxonomy":"category","embeddable":true,"href":"https:\/\/www.toque-musicall.com\/index.php?rest_route=%2Fwp%2Fv2%2Fcategories&post=8396"},{"taxonomy":"post_tag","embeddable":true,"href":"https:\/\/www.toque-musicall.com\/index.php?rest_route=%2Fwp%2Fv2%2Ftags&post=8396"}],"curies":[{"name":"wp","href":"https:\/\/api.w.org\/{rel}","templated":true}]}}