{"id":84,"date":"2012-04-25T11:27:00","date_gmt":"2012-04-25T11:27:00","guid":{"rendered":"http:\/\/www.toque-musicall.com\/?p=84"},"modified":"2012-04-25T11:27:00","modified_gmt":"2012-04-25T11:27:00","slug":"the-dallans-esses-jovens-cabeludos-e-suas-guitarras-vibrantes-1967","status":"publish","type":"post","link":"https:\/\/www.toque-musicall.com\/?p=84","title":{"rendered":"The Dallans &#8211; Esses Jovens Cabeludos E Suas Guitarras Vibrantes (1967)"},"content":{"rendered":"<div style=\"clear: both; text-align: center;\"><a href=\"http:\/\/1.bp.blogspot.com\/-5zt2-WuyTmE\/T5fXxJfs3rI\/AAAAAAAABqs\/Gpj-m3vkp1E\/s1600\/capaP.JPG\" style=\"margin-left: 1em; margin-right: 1em;\"><img loading=\"lazy\" decoding=\"async\" border=\"0\" height=\"393\" src=\"http:\/\/1.bp.blogspot.com\/-5zt2-WuyTmE\/T5fXxJfs3rI\/AAAAAAAABqs\/Gpj-m3vkp1E\/s400\/capaP.JPG\" width=\"400\" \/><\/a><\/div>\n<div style=\"clear: both; text-align: center;\"><a href=\"http:\/\/3.bp.blogspot.com\/-movmqZadNqc\/T5fXs3B_jLI\/AAAAAAAABqk\/wxRdfGS8kUo\/s1600\/contraca.JPG\" style=\"margin-left: 1em; margin-right: 1em;\"><img loading=\"lazy\" decoding=\"async\" border=\"0\" height=\"398\" src=\"http:\/\/3.bp.blogspot.com\/-movmqZadNqc\/T5fXs3B_jLI\/AAAAAAAABqk\/wxRdfGS8kUo\/s400\/contraca.JPG\" width=\"400\" \/><\/a><\/div>\n<p>Bom dia, amigos cultos, cultos e associados! Na &#8216;onda jovem&#8217; do instrumental, agora aqui vai outro disquinho bem procurado por colecionadores. O pessoal da turma da Jovem Guarda, com certeza, vai gostar desta postagem. Este disco n\u00e3o \u00e9 novidade na Rede, eu inclusive j\u00e1 havia ensaiado a sua postagem, mas o exemplar que eu tinha antes trazia um defeito no lado A e era int\u00f3cavel. Agora, com este que adquiri recentemente, devidamente limpo, posso apresent\u00e1-los a voc\u00eas.<br \/>The Dallans foi mais um daqueles grupos de &#8216;rock&#8217;, surgidos na &#8216;onda da Jovem Guarda&#8217;. Para n\u00e3o variar (e para a minha surpresa), a gente encontra este disco em pencas pelo Google, mas s\u00e3o apenas as capas, an\u00fancios de vendas no Mercado Livre e um arquivo em mp3, de 128 kbps, que com toda a certeza \u00e9 o mesmo compartilhado por diversos blogs. O repert\u00f3rio \u00e9 composto de &#8216;roquinhos dos anos 60&#8217; e outras baladas da turma do Roberto Carlos, tudo em instrumental. Informa\u00e7\u00f5es sobre o grupo \u00e9 que \u00e9 dif\u00edcil. Como eu ando meio sem tempo, n\u00e3o vou nem tomar o trabalho de ficar pesquisando. Eu acredito que este tenha sido mais um daqueles grupos que acompanhavam os cantores da Jovem Guarda. O b\u00e1sico j\u00e1 est\u00e1 na m\u00e3o. Se algu\u00e9m tiver e quiser complementar as informa\u00e7\u00f5es sobre o grupo, fa\u00e7a-nos o favor&#8230; Acredito que este tenha sido o \u00fanico disco gravado pelo &#8216;conjunto&#8217;. Confiram a\u00ed&#8230;<\/p>\n<div style=\"text-align: center;\">o g\u00eanio<\/div>\n<div style=\"text-align: center;\">cora\u00e7\u00e3o de papel<\/div>\n<div style=\"text-align: center;\">i don&#8217;t want to spoil the party<\/div>\n<div style=\"text-align: center;\">something stupid<\/div>\n<div style=\"text-align: center;\">eu n\u00e3o sabia que voc\u00ea existia<\/div>\n<div style=\"text-align: center;\">o bom rapaz<\/div>\n<div style=\"text-align: center;\">vem quente que eu estou fervendo<\/div>\n<div style=\"text-align: center;\">s\u00f3 vou gostar de quem gosta de mim<\/div>\n<div style=\"text-align: center;\">bus stop<\/div>\n<div style=\"text-align: center;\">you won&#8217;t see me<\/div>\n<div style=\"text-align: center;\">nossa can\u00e7\u00e3o<\/div>\n<div style=\"text-align: center;\">last train to clarkville<\/div>\n<div style=\"text-align: center;\"><\/div>\n<div style=\"text-align: center;\"><\/div>\n","protected":false},"excerpt":{"rendered":"<p>Bom dia, amigos cultos, cultos e associados! Na &#8216;onda jovem&#8217; do instrumental, agora aqui vai outro disquinho bem procurado por colecionadores. O pessoal da turma da Jovem Guarda, com certeza, vai gostar desta postagem. Este disco n\u00e3o \u00e9 novidade na &hellip; <a href=\"https:\/\/www.toque-musicall.com\/?p=84\">Continue lendo <span class=\"meta-nav\">&rarr;<\/span><\/a><\/p>\n","protected":false},"author":1,"featured_media":0,"comment_status":"open","ping_status":"closed","sticky":false,"template":"","format":"standard","meta":{"footnotes":""},"categories":[113,155],"tags":[],"class_list":["post-84","post","type-post","status-publish","format-standard","hentry","category-selo-parlophone","category-the-dallans"],"_links":{"self":[{"href":"https:\/\/www.toque-musicall.com\/index.php?rest_route=\/wp\/v2\/posts\/84","targetHints":{"allow":["GET"]}}],"collection":[{"href":"https:\/\/www.toque-musicall.com\/index.php?rest_route=\/wp\/v2\/posts"}],"about":[{"href":"https:\/\/www.toque-musicall.com\/index.php?rest_route=\/wp\/v2\/types\/post"}],"author":[{"embeddable":true,"href":"https:\/\/www.toque-musicall.com\/index.php?rest_route=\/wp\/v2\/users\/1"}],"replies":[{"embeddable":true,"href":"https:\/\/www.toque-musicall.com\/index.php?rest_route=%2Fwp%2Fv2%2Fcomments&post=84"}],"version-history":[{"count":0,"href":"https:\/\/www.toque-musicall.com\/index.php?rest_route=\/wp\/v2\/posts\/84\/revisions"}],"wp:attachment":[{"href":"https:\/\/www.toque-musicall.com\/index.php?rest_route=%2Fwp%2Fv2%2Fmedia&parent=84"}],"wp:term":[{"taxonomy":"category","embeddable":true,"href":"https:\/\/www.toque-musicall.com\/index.php?rest_route=%2Fwp%2Fv2%2Fcategories&post=84"},{"taxonomy":"post_tag","embeddable":true,"href":"https:\/\/www.toque-musicall.com\/index.php?rest_route=%2Fwp%2Fv2%2Ftags&post=84"}],"curies":[{"name":"wp","href":"https:\/\/api.w.org\/{rel}","templated":true}]}}