{"id":840,"date":"2010-05-21T01:27:00","date_gmt":"2010-05-21T01:27:00","guid":{"rendered":"http:\/\/www.toque-musicall.com\/?p=840"},"modified":"2010-05-21T01:27:00","modified_gmt":"2010-05-21T01:27:00","slug":"the-terribles-brasa-1966","status":"publish","type":"post","link":"https:\/\/www.toque-musicall.com\/?p=840","title":{"rendered":"The Terribles &#8211; Brasa (1966)"},"content":{"rendered":"<p><a href=\"http:\/\/4.bp.blogspot.com\/_DSKVEvHtskc\/S_Xhlw4FaOI\/AAAAAAAAGkI\/juCGtAHM7j0\/s1600\/The+Terribles+P.JPG\"><img decoding=\"async\" style=\"TEXT-ALIGN: center; MARGIN: 0px auto 10px; WIDTH: 400px; DISPLAY: block; HEIGHT: 398px; CURSOR: hand\" id=\"BLOGGER_PHOTO_ID_5473528961030252770\" border=\"0\" alt=\"\" src=\"http:\/\/4.bp.blogspot.com\/_DSKVEvHtskc\/S_Xhlw4FaOI\/AAAAAAAAGkI\/juCGtAHM7j0\/s400\/The+Terribles+P.JPG\" \/><\/a>Na onda da Jovem Guarda, aqui vai mais um disquinho a la Paladium. Desta vez temos o conjunto The Terribles. Segundo o site <a href=\"http:\/\/www.jovemguardaobscura.hpg.ig.com.br\/\">Jovem Guarda Obscura<\/a>, o grupo era mineiro. Atuaram entre os anos de 1966 a 1968, gravando ao longo desse tempo cinco discos, quatro deles por um desconhecido selo NCV (Super Brasa Vol. 2, Brasa Tr\u00eas, Brasa Quatro e o psicod\u00e9lico Genial! Universal Sound) e este que foi o primeiro, lan\u00e7ado pelo selo Itamaraty. Eu at\u00e9 ent\u00e3o acreditava que o \u00e1lbum Brasa fosse de 1968. Agora j\u00e1 sabemos que \u00e9 de 66, embora eu o tenha &#8216;tageado&#8217; com a data errada.<br \/>Neste disco encontramos um repert\u00f3rio de sucessos da Jovem Guarda. S\u00e3o doze faixas com m\u00fasicas bem conhecidas de todos. Trata-se de um disco de &#8216;covers&#8217;. Mesmo assim, \u00e9 uma brasa, mora?!<\/p>\n<div align=\"center\">a volta<\/div>\n<div align=\"center\">pega ladr\u00e3o<\/div>\n<div align=\"center\">ternura<\/div>\n<div align=\"center\">mexerico da candinha<\/div>\n<div align=\"center\">voc\u00ea me acende<\/div>\n<div align=\"center\">juanita banana<\/div>\n<div align=\"center\">mam\u00e3e passou a\u00e7ucar em mim<\/div>\n<div align=\"center\">o pica pau<\/div>\n<div align=\"center\">preciso de voc\u00ea<br \/>lobo mau<\/div>\n<div align=\"center\">chu\u00e1 chu\u00e1 &#8211; papo pro \u00e1r &#8211; maring\u00e1<\/div>\n<div align=\"center\"><\/div>\n<div align=\"center\"><\/div>\n<p>&#8216;<\/p>\n","protected":false},"excerpt":{"rendered":"<p>Na onda da Jovem Guarda, aqui vai mais um disquinho a la Paladium. Desta vez temos o conjunto The Terribles. Segundo o site Jovem Guarda Obscura, o grupo era mineiro. Atuaram entre os anos de 1966 a 1968, gravando ao &hellip; <a href=\"https:\/\/www.toque-musicall.com\/?p=840\">Continue lendo <span class=\"meta-nav\">&rarr;<\/span><\/a><\/p>\n","protected":false},"author":1,"featured_media":0,"comment_status":"open","ping_status":"closed","sticky":false,"template":"","format":"standard","meta":{"footnotes":""},"categories":[1147],"tags":[],"class_list":["post-840","post","type-post","status-publish","format-standard","hentry","category-the-terribles"],"_links":{"self":[{"href":"https:\/\/www.toque-musicall.com\/index.php?rest_route=\/wp\/v2\/posts\/840","targetHints":{"allow":["GET"]}}],"collection":[{"href":"https:\/\/www.toque-musicall.com\/index.php?rest_route=\/wp\/v2\/posts"}],"about":[{"href":"https:\/\/www.toque-musicall.com\/index.php?rest_route=\/wp\/v2\/types\/post"}],"author":[{"embeddable":true,"href":"https:\/\/www.toque-musicall.com\/index.php?rest_route=\/wp\/v2\/users\/1"}],"replies":[{"embeddable":true,"href":"https:\/\/www.toque-musicall.com\/index.php?rest_route=%2Fwp%2Fv2%2Fcomments&post=840"}],"version-history":[{"count":0,"href":"https:\/\/www.toque-musicall.com\/index.php?rest_route=\/wp\/v2\/posts\/840\/revisions"}],"wp:attachment":[{"href":"https:\/\/www.toque-musicall.com\/index.php?rest_route=%2Fwp%2Fv2%2Fmedia&parent=840"}],"wp:term":[{"taxonomy":"category","embeddable":true,"href":"https:\/\/www.toque-musicall.com\/index.php?rest_route=%2Fwp%2Fv2%2Fcategories&post=840"},{"taxonomy":"post_tag","embeddable":true,"href":"https:\/\/www.toque-musicall.com\/index.php?rest_route=%2Fwp%2Fv2%2Ftags&post=840"}],"curies":[{"name":"wp","href":"https:\/\/api.w.org\/{rel}","templated":true}]}}