{"id":8410,"date":"2021-04-16T22:46:00","date_gmt":"2021-04-17T01:46:00","guid":{"rendered":"http:\/\/www.toque-musicall.com\/?p=8410"},"modified":"2021-04-22T22:48:15","modified_gmt":"2021-04-23T01:48:15","slug":"clovis-pereira-orquestra-e-coral-da-ufpb-grande-missa-nordestina-1979","status":"publish","type":"post","link":"https:\/\/www.toque-musicall.com\/?p=8410","title":{"rendered":"Clovis Pereira, Orquestra E Coral Da UFPB &#8211; Grande Missa Nordestina (1979)"},"content":{"rendered":"\n<figure class=\"wp-block-image size-large\"><img decoding=\"async\" src=\"https:\/\/1.bp.blogspot.com\/-YgADAEptIoc\/YIDDdJslYQI\/AAAAAAAATkM\/cK6mjbzcpfUxO2KbRul-PjAgS3iMLhDFwCLcBGAsYHQ\/w634-h640\/Anota%25C3%25A7%25C3%25A3o%2B2020-12-06%2B070252.jpg\" alt=\"\"\/><\/figure>\n\n\n\n<figure class=\"wp-block-image size-large\"><img decoding=\"async\" src=\"https:\/\/1.bp.blogspot.com\/-XjuLzmHpD5c\/YIDDdKerfxI\/AAAAAAAATkI\/bVMT9UjXr68Ub498v2Cwtmfl40P50QEKQCLcBGAsYHQ\/w640-h632\/Anota%25C3%25A7%25C3%25A3o%2B2020-12-06%2B070153.jpg\" alt=\"\"\/><\/figure>\n\n\n<div class=\"separator\">Boa noite a todos amigos cultos e ocultos! Como todos devem saber, o blog Toque Musical tem duas vers\u00f5es, uma no Blogspot e outra no WordPress. Temos tamb\u00e9m uma terceira janela, tamb\u00e9m pelo Blogspot direcionado apenas para as nossas produ\u00e7\u00f5es exclusivas, que s\u00e3o as diferentes colet\u00e2neas que aqui criamos. Pois bem, mesmo com a ajuda de alguns colaboradores e parceiros, ainda assim estou com dificuldades para manter em dia nosso toques musicais. N\u00e3o \u00e9 s\u00f3 a habitual falta de tempo, mas tamb\u00e9m alguns problemas t\u00e9cnicos e invas\u00e3o ao site, que acabam comendo nossos dias. Da\u00ed a raz\u00e3o de nossos atrasos naquilo que deveria ser di\u00e1rio. Por\u00e9m, como sempre digo, tardamos mas n\u00e3o faltamos \ud83d\ude09<\/div>\n<div class=\"separator\">Muito bem, aqui vai o disco do dia, um exemplar para quem gostar de m\u00fasica sacra. Temos aqui a Grande Missa Nordestina, obra composta pelo pernambucano Cl\u00f3vis Pereira, um dos mais importantes compositores nordestinos. M\u00fasico talentoso, pianista, arranjador e regente. \u00c9 compositor de frevos, maracatus e caboclinhos e tamb\u00e9m de obras eruditas para coro e orquestra e de pe\u00e7as como esta que hoje apresentamos, um disco do memor\u00e1vel selo Marcus Pereira, gravado em 1978. Aqui temos Cl\u00f3vis Pereira regendo a Orquestra e coral da Universidade Federal da Para\u00edba.\u00a0<\/div>\n<div class=\"separator\">Os detalhes sobre este disco est\u00e3o todos na contracapa, dessa forma o que mais tenho a acrescentar \u00e9 apenas, podem conferir no GTM&#8230;<\/div>\n<div class=\"separator\">\u00a0<\/div>\n<div class=\"separator\">kyrie<\/div>\n<div class=\"separator\">gl\u00f3ria<\/div>\n<div class=\"separator\">credo<\/div>\n<div class=\"separator\">sanctus<\/div>\n<div class=\"separator\">agnus dei<\/div>\n<div class=\"separator\">\u00a0<\/div>\n<div class=\"separator\">\u00a0<\/div>\n<div class=\"separator\">.<\/div>","protected":false},"excerpt":{"rendered":"<p>Boa noite a todos amigos cultos e ocultos! Como todos devem saber, o blog Toque Musical tem duas vers\u00f5es, uma no Blogspot e outra no WordPress. Temos tamb\u00e9m uma terceira janela, tamb\u00e9m pelo Blogspot direcionado apenas para as nossas produ\u00e7\u00f5es &hellip; <a href=\"https:\/\/www.toque-musicall.com\/?p=8410\">Continue lendo <span class=\"meta-nav\">&rarr;<\/span><\/a><\/p>\n","protected":false},"author":1,"featured_media":0,"comment_status":"closed","ping_status":"closed","sticky":false,"template":"","format":"standard","meta":{"footnotes":""},"categories":[4441,130,1],"tags":[4147,3794],"class_list":["post-8410","post","type-post","status-publish","format-standard","hentry","category-clovis-pereira-2","category-selo-marcus-pereira","category-sem-categoria","tag-clovis-pereira","tag-selo-marcus-pereira"],"_links":{"self":[{"href":"https:\/\/www.toque-musicall.com\/index.php?rest_route=\/wp\/v2\/posts\/8410","targetHints":{"allow":["GET"]}}],"collection":[{"href":"https:\/\/www.toque-musicall.com\/index.php?rest_route=\/wp\/v2\/posts"}],"about":[{"href":"https:\/\/www.toque-musicall.com\/index.php?rest_route=\/wp\/v2\/types\/post"}],"author":[{"embeddable":true,"href":"https:\/\/www.toque-musicall.com\/index.php?rest_route=\/wp\/v2\/users\/1"}],"replies":[{"embeddable":true,"href":"https:\/\/www.toque-musicall.com\/index.php?rest_route=%2Fwp%2Fv2%2Fcomments&post=8410"}],"version-history":[{"count":1,"href":"https:\/\/www.toque-musicall.com\/index.php?rest_route=\/wp\/v2\/posts\/8410\/revisions"}],"predecessor-version":[{"id":8411,"href":"https:\/\/www.toque-musicall.com\/index.php?rest_route=\/wp\/v2\/posts\/8410\/revisions\/8411"}],"wp:attachment":[{"href":"https:\/\/www.toque-musicall.com\/index.php?rest_route=%2Fwp%2Fv2%2Fmedia&parent=8410"}],"wp:term":[{"taxonomy":"category","embeddable":true,"href":"https:\/\/www.toque-musicall.com\/index.php?rest_route=%2Fwp%2Fv2%2Fcategories&post=8410"},{"taxonomy":"post_tag","embeddable":true,"href":"https:\/\/www.toque-musicall.com\/index.php?rest_route=%2Fwp%2Fv2%2Ftags&post=8410"}],"curies":[{"name":"wp","href":"https:\/\/api.w.org\/{rel}","templated":true}]}}