{"id":8412,"date":"2021-04-17T09:34:00","date_gmt":"2021-04-17T12:34:00","guid":{"rendered":"http:\/\/www.toque-musicall.com\/?p=8412"},"modified":"2021-04-23T09:39:03","modified_gmt":"2021-04-23T12:39:03","slug":"teatro-uniao-e-olho-vivo-bumba-meu-queixada-1978","status":"publish","type":"post","link":"https:\/\/www.toque-musicall.com\/?p=8412","title":{"rendered":"Teatro Uni\u00e3o E Olho Vivo &#8211; Bumba Meu Queixada (1978)"},"content":{"rendered":"\n<figure class=\"wp-block-image size-large\"><img decoding=\"async\" src=\"https:\/\/1.bp.blogspot.com\/-Pg4leITCNEQ\/YIK0616hG3I\/AAAAAAAATkY\/w66rQ7ql8UcBw4S8cWvRr8eKmTj1TNCAgCLcBGAsYHQ\/w640-h640\/Anota%25C3%25A7%25C3%25A3o%2B2021-04-23%2B084616.jpg\" alt=\"\"\/><\/figure>\n\n\n\n<figure class=\"wp-block-image size-large\"><img decoding=\"async\" src=\"https:\/\/1.bp.blogspot.com\/-oTDrbZeMPFU\/YIK06-6bOkI\/AAAAAAAATkc\/9QgoA-HUsaUxUCQLDRrq0vGZyv1ZtEikgCLcBGAsYHQ\/w638-h640\/Anota%25C3%25A7%25C3%25A3o%2B2021-04-23%2B084753.jpg\" alt=\"\"\/><\/figure>\n\n\n<div class=\"separator\">Muito bom dia a todos, amigos cultos e ocultos! Temos atrasado nossas postagens por conta de alguns problemas t\u00e9cnicos e uma suposta invas\u00e3o de &#8216;hacker&#8217; aqui em nossa filial o que acabou nos gerando muita dor de cabe\u00e7a&#8230; Mas, enfim, estamos seguindo&#8230;<\/div>\n<div class=\"separator\">Hoje temos aqui um disco do selo Marcus Pereira lan\u00e7ado em 1978. Trata-se do Teatro Uni\u00e3o e Olho Vivo, grupo de teatro de rua formado na d\u00e9cada de 70, em S\u00e3o Paulo e ao que nos consta ainda em atividade, sendo hoje em dia uma das mais tradicionais e antigas companhia n\u00e3o profissional de teatro popular no Brasil. O grupo, desde a sua forma\u00e7\u00e3o, tem por objetivo apresentar-se em comunidades carentes da periferia de S\u00e3o Paulo, levando a este p\u00fablico um conte\u00fado de valoriza\u00e7\u00e3o da express\u00e3o popular atrav\u00e9s da m\u00fasica, do circo, do folclore, cordel, teatro de revista, o futebol, samba e tantos outros temas explorados por eles ao longo deste tempo. Este disco registra um pouco disso. \u00c9 uma amostragem sonora musical incluindo obras do espet\u00e1culo &#8220;Bumba Meu Queixada&#8221;. Participam do disco tamb\u00e9m o violonista Adauto Santos e o Marcus Vinicius, tamb\u00e9m compositor e diretor art\u00edstico desta gravadora. \u00c9, sem d\u00favida, um disco dos mais interessantes e que vale a pena conhecer. Em seu conte\u00fado h\u00e1 mais informa\u00e7\u00f5es sobre este trabalho. Confiram no GTM&#8230;<\/div>\n<div class=\"separator\">\u00a0<\/div>\n<div class=\"separator\">viva meu boi<\/div>\n<div class=\"separator\">pot pourri do bumba<\/div>\n<div class=\"separator\">frevo do caboclo do arco<\/div>\n<div class=\"separator\">testamento do boi<\/div>\n<div class=\"separator\">bumba meu queixada<\/div>\n<div class=\"separator\">hino do teatro uni\u00e3o e olho vivo<\/div>\n<div class=\"separator\">parque arco-\u00edris<\/div>\n<div class=\"separator\">oi man\u00e9<\/div>\n<div class=\"separator\">imp\u00e9rio de belmote<\/div>\n<div class=\"separator\">\u00e7ai \u00e7ai a\u00e7ai\u00ea<\/div>\n<div class=\"separator\">em busca de uma nova flor (gaivota)<\/div>\n<div class=\"separator\">\u00a0<\/div>\n<div class=\"separator\">\u00a0<\/div>\n<div class=\"separator\">.<\/div>\n\n\n<p><\/p>\n","protected":false},"excerpt":{"rendered":"<p>Muito bom dia a todos, amigos cultos e ocultos! Temos atrasado nossas postagens por conta de alguns problemas t\u00e9cnicos e uma suposta invas\u00e3o de &#8216;hacker&#8217; aqui em nossa filial o que acabou nos gerando muita dor de cabe\u00e7a&#8230; Mas, enfim, &hellip; <a href=\"https:\/\/www.toque-musicall.com\/?p=8412\">Continue lendo <span class=\"meta-nav\">&rarr;<\/span><\/a><\/p>\n","protected":false},"author":1,"featured_media":0,"comment_status":"closed","ping_status":"closed","sticky":false,"template":"","format":"standard","meta":{"footnotes":""},"categories":[130,4442],"tags":[3794,4443],"class_list":["post-8412","post","type-post","status-publish","format-standard","hentry","category-selo-marcus-pereira","category-teatro-uniao-e-olho-vivo","tag-selo-marcus-pereira","tag-teatro-uniao-e-olho-vivo"],"_links":{"self":[{"href":"https:\/\/www.toque-musicall.com\/index.php?rest_route=\/wp\/v2\/posts\/8412","targetHints":{"allow":["GET"]}}],"collection":[{"href":"https:\/\/www.toque-musicall.com\/index.php?rest_route=\/wp\/v2\/posts"}],"about":[{"href":"https:\/\/www.toque-musicall.com\/index.php?rest_route=\/wp\/v2\/types\/post"}],"author":[{"embeddable":true,"href":"https:\/\/www.toque-musicall.com\/index.php?rest_route=\/wp\/v2\/users\/1"}],"replies":[{"embeddable":true,"href":"https:\/\/www.toque-musicall.com\/index.php?rest_route=%2Fwp%2Fv2%2Fcomments&post=8412"}],"version-history":[{"count":2,"href":"https:\/\/www.toque-musicall.com\/index.php?rest_route=\/wp\/v2\/posts\/8412\/revisions"}],"predecessor-version":[{"id":8414,"href":"https:\/\/www.toque-musicall.com\/index.php?rest_route=\/wp\/v2\/posts\/8412\/revisions\/8414"}],"wp:attachment":[{"href":"https:\/\/www.toque-musicall.com\/index.php?rest_route=%2Fwp%2Fv2%2Fmedia&parent=8412"}],"wp:term":[{"taxonomy":"category","embeddable":true,"href":"https:\/\/www.toque-musicall.com\/index.php?rest_route=%2Fwp%2Fv2%2Fcategories&post=8412"},{"taxonomy":"post_tag","embeddable":true,"href":"https:\/\/www.toque-musicall.com\/index.php?rest_route=%2Fwp%2Fv2%2Ftags&post=8412"}],"curies":[{"name":"wp","href":"https:\/\/api.w.org\/{rel}","templated":true}]}}