{"id":842,"date":"2010-05-18T10:18:00","date_gmt":"2010-05-18T10:18:00","guid":{"rendered":"http:\/\/www.toque-musicall.com\/?p=842"},"modified":"2010-05-18T10:18:00","modified_gmt":"2010-05-18T10:18:00","slug":"geraldo-tavares-noites-que-nao-voltam-mais-1981","status":"publish","type":"post","link":"https:\/\/www.toque-musicall.com\/?p=842","title":{"rendered":"Geraldo Tavares &#8211; Noites Que N\u00e3o Voltam Mais (1981)"},"content":{"rendered":"<p><a href=\"http:\/\/2.bp.blogspot.com\/_DSKVEvHtskc\/S_Jvx2ziIvI\/AAAAAAAAGjw\/Ym5ajxCtBxA\/s1600\/Geraldo+Tavares+P.JPG\"><img decoding=\"async\" id=\"BLOGGER_PHOTO_ID_5472559399524508402\" style=\"DISPLAY: block; MARGIN: 0px auto 10px; WIDTH: 400px; CURSOR: hand; HEIGHT: 398px; TEXT-ALIGN: center\" alt=\"\" src=\"http:\/\/2.bp.blogspot.com\/_DSKVEvHtskc\/S_Jvx2ziIvI\/AAAAAAAAGjw\/Ym5ajxCtBxA\/s400\/Geraldo+Tavares+P.JPG\" border=\"0\" \/><\/a> Olha a\u00ed&#8230; Ontem eu falava dos &#8216;troca trocas&#8217; das gravadoras, do uso de fonogramas, matrizes e artistas com pseud\u00f4nimos. Postei um disco do selo Paladium e agora vamos com outro bem parecido (pelo menos na capa), originalmente lan\u00e7ado por este selo nos anos 60 e relan\u00e7ado vinte anos depois pelo Beverly, um selo da gravadora Copacabana.<br \/>Reparem que a foto \u00e9 a mesma. N\u00e3o tiveram nem a preocupa\u00e7\u00e3o de tirar a palavra &#8220;seresta&#8221;, que at\u00e9 parece uma logomarca. Vemos aqui que n\u00e3o s\u00f3 a Bemol com seu selo para cole\u00e7\u00f5es fazia dessas loucuras. Muda-se nomes, muda-se artistas, mas a capa \u00e9 a mesma. Isso sim \u00e9 que \u00e9 economia e reciclagem, hehehe&#8230;<br \/>Nosso artista da vez \u00e9 Geraldo Tavares, um nome de verdade. Um dos poucos que tiveram oportunidade de se mostrar atrav\u00e9s do selo mineiro. Geraldo foi um seresteiro, nascido na cidade de Juiz de Fora. Trabalhou por mais de quaretenta anos em esta\u00e7\u00f5es de r\u00e1dios, principalmente na R\u00e1dio Guarani e Inconfid\u00eancia, onde tamb\u00e9m apresentava um programa dos mais tradicionais da r\u00e1dio mineira, o saudoso &#8220;Noites que n\u00e3o voltam mais&#8221;. N\u00e3o foi por acaso que o presente lp, seu primeiro disco, teve este nome. Segundo as informa\u00e7\u00f5es colhidas no blog <a href=\"http:\/\/amusicaquevemdeminas.blogspot.com\/2009\/05\/geraldo-tavares-noites-que-nao-voltam.html\">A M\u00fasica Que Vem de Minas<\/a>, ele aqui vem acompanhado pelo Regional de Waldir Silva. Geraldo gravou tamb\u00e9m um outro lp, &#8220;Na Casa Branca da Serra&#8221; (suponho que seja tamb\u00e9m pela Bemol). Foi um dos maiores incentivadores da seresta, trazendo em seus programas radiof\u00f4nicos os mais diversos artista seresteiros. Promoveu e atuou em serestas inesquec\u00edveis, por diferentes lugares dessa Minas Gerais.<\/p>\n<div align=\"center\">elvira escuta<\/div>\n<div align=\"center\">gondoleiro do amor<\/div>\n<div align=\"center\">ave maria<\/div>\n<div align=\"center\">mimi<\/div>\n<div align=\"center\">chu\u00e1 chu\u00e1<\/div>\n<div align=\"center\">noites que n\u00e3o voltam mais<\/div>\n<div align=\"center\">\u00e9 a ti flor do c\u00e9u<\/div>\n<div align=\"center\">a pequenina cruz do teu ros\u00e1rio<\/div>\n<div align=\"center\">ch\u00e3o de estrelas<\/div>\n<div align=\"center\"> <\/div>\n<div align=\"center\"> <\/div>\n","protected":false},"excerpt":{"rendered":"<p>Olha a\u00ed&#8230; Ontem eu falava dos &#8216;troca trocas&#8217; das gravadoras, do uso de fonogramas, matrizes e artistas com pseud\u00f4nimos. Postei um disco do selo Paladium e agora vamos com outro bem parecido (pelo menos na capa), originalmente lan\u00e7ado por este &hellip; <a href=\"https:\/\/www.toque-musicall.com\/?p=842\">Continue lendo <span class=\"meta-nav\">&rarr;<\/span><\/a><\/p>\n","protected":false},"author":1,"featured_media":0,"comment_status":"open","ping_status":"closed","sticky":false,"template":"","format":"standard","meta":{"footnotes":""},"categories":[1149],"tags":[],"class_list":["post-842","post","type-post","status-publish","format-standard","hentry","category-geraldo-tavares"],"_links":{"self":[{"href":"https:\/\/www.toque-musicall.com\/index.php?rest_route=\/wp\/v2\/posts\/842","targetHints":{"allow":["GET"]}}],"collection":[{"href":"https:\/\/www.toque-musicall.com\/index.php?rest_route=\/wp\/v2\/posts"}],"about":[{"href":"https:\/\/www.toque-musicall.com\/index.php?rest_route=\/wp\/v2\/types\/post"}],"author":[{"embeddable":true,"href":"https:\/\/www.toque-musicall.com\/index.php?rest_route=\/wp\/v2\/users\/1"}],"replies":[{"embeddable":true,"href":"https:\/\/www.toque-musicall.com\/index.php?rest_route=%2Fwp%2Fv2%2Fcomments&post=842"}],"version-history":[{"count":0,"href":"https:\/\/www.toque-musicall.com\/index.php?rest_route=\/wp\/v2\/posts\/842\/revisions"}],"wp:attachment":[{"href":"https:\/\/www.toque-musicall.com\/index.php?rest_route=%2Fwp%2Fv2%2Fmedia&parent=842"}],"wp:term":[{"taxonomy":"category","embeddable":true,"href":"https:\/\/www.toque-musicall.com\/index.php?rest_route=%2Fwp%2Fv2%2Fcategories&post=842"},{"taxonomy":"post_tag","embeddable":true,"href":"https:\/\/www.toque-musicall.com\/index.php?rest_route=%2Fwp%2Fv2%2Ftags&post=842"}],"curies":[{"name":"wp","href":"https:\/\/api.w.org\/{rel}","templated":true}]}}