{"id":843,"date":"2010-05-17T09:44:00","date_gmt":"2010-05-17T09:44:00","guid":{"rendered":"http:\/\/www.toque-musicall.com\/?p=843"},"modified":"2010-05-17T09:44:00","modified_gmt":"2010-05-17T09:44:00","slug":"oswaldo-silva-seresta-sd","status":"publish","type":"post","link":"https:\/\/www.toque-musicall.com\/?p=843","title":{"rendered":"Oswaldo Silva &#8211; Seresta (S\/D)"},"content":{"rendered":"<p><a href=\"http:\/\/1.bp.blogspot.com\/_DSKVEvHtskc\/S_IEBY1nkHI\/AAAAAAAAGjk\/raz_7LdGyYE\/s1600\/oswaldo+silva+P.JPG\"><img decoding=\"async\" style=\"TEXT-ALIGN: center; MARGIN: 0px auto 10px; WIDTH: 400px; DISPLAY: block; HEIGHT: 398px; CURSOR: hand\" id=\"BLOGGER_PHOTO_ID_5472440919102296178\" border=\"0\" alt=\"\" src=\"http:\/\/1.bp.blogspot.com\/_DSKVEvHtskc\/S_IEBY1nkHI\/AAAAAAAAGjk\/raz_7LdGyYE\/s400\/oswaldo+silva+P.JPG\" \/><\/a>Bom, j\u00e1 se passaram duas semanas com postagens diretas dedicadas \u00e0 Paladium. Se formos continuar nessa linha, provavelmente teremos ainda muitas outras semanas. Por essa raz\u00e3o e por outras tamb\u00e9m, estou pensando em criar um blog exclusivo para os discos do selo. J\u00e1 at\u00e9 criei uma nova conta no Blogger e no WordPress para isso. S\u00f3 me falta agora achar tempo para administrar mais um blog (ou dois). Vamos ver&#8230;<\/p>\n<div>Para n\u00e3o sairmos assim radicalmente de uma coisa e cairmos em outra, teremos ainda nesta semana alguns discos do selo Paladium ou relacionados \u00e0 ele, (porque n\u00e3o?). Quem n\u00e3o estiver gostando depois me conta como \u00e9 a experi\u00eancia de n\u00e3o gostar e mesmo assim ficar rondando por aqui (nunca entendi isso).<\/div>\n<div>Temos desta vez um artista verdadeiro, um violonista, que gravou pela Paladium. Oswaldo Silva n\u00e3o \u00e9 um pseud\u00f4nimo. Embora n\u00e3o seja l\u00e1 um artista conhecido do grande p\u00fablico, entre seresteiros, principalmente em Minas Gerais, seu nome est\u00e1 presente. A Bemol\/Paladium, al\u00e9m dos pseud\u00f4nimos e at\u00e9 dos &#8216;fonogramas emprestado&#8217;, tamb\u00e9m apostou em alguns artistas, principalmente aqueles que se encontravam em Minas. C\u00e9lio Balona, Waldir Silva, Adilson Adriano, Joe Smith, Geraldo Tavares e muitos outros. Todos foram tamb\u00e9m relan\u00e7ados em selos Bemol, Beverly, Copacabana e Coledisc.<\/div>\n<div>Neste \u00e1lbum encontramos uma sele\u00e7\u00e3o de cl\u00e1ssicos da seresta, interpretados ao viol\u00e3o por Oswaldo Silva. Uma produ\u00e7\u00e3o barata, sem d\u00favida, mas de excelente qualidade musical. Confiram mais um cap\u00edtulo dessa novela. Quem n\u00e3o gostar \u00e9 s\u00f3 mudar o canal, v\u00e1 assistir a MTV ou qualquer coisa igual (putz, at\u00e9 rimou!)<\/div>\n<p><\/p>\n<div><\/div>\n<div align=\"center\">sons de carrilh\u00f5es<\/div>\n<div align=\"center\">gotas de l\u00e1grimas<\/div>\n<div align=\"center\">\u00faltima inspira\u00e7\u00e3o<\/div>\n<div align=\"center\">noite de lua<\/div>\n<div align=\"center\">se ela perguntar<\/div>\n<div align=\"center\">dan\u00e7a paraguaia<\/div>\n<div align=\"center\">romance de amor<\/div>\n<div align=\"center\">nda recol la culpa<\/div>\n<div align=\"center\">milongue del ayer<\/div>\n<div align=\"center\">solu\u00e7os<\/div>\n<div align=\"center\">rosita<\/div>\n<div align=\"center\">la despedida<\/div>\n<p><\/p>\n<div align=\"center\"><\/div>\n<div align=\"center\"><\/div>\n","protected":false},"excerpt":{"rendered":"<p>Bom, j\u00e1 se passaram duas semanas com postagens diretas dedicadas \u00e0 Paladium. Se formos continuar nessa linha, provavelmente teremos ainda muitas outras semanas. Por essa raz\u00e3o e por outras tamb\u00e9m, estou pensando em criar um blog exclusivo para os discos &hellip; <a href=\"https:\/\/www.toque-musicall.com\/?p=843\">Continue lendo <span class=\"meta-nav\">&rarr;<\/span><\/a><\/p>\n","protected":false},"author":1,"featured_media":0,"comment_status":"open","ping_status":"closed","sticky":false,"template":"","format":"standard","meta":{"footnotes":""},"categories":[1150,682],"tags":[],"class_list":["post-843","post","type-post","status-publish","format-standard","hentry","category-oswaldo-silva","category-paladium"],"_links":{"self":[{"href":"https:\/\/www.toque-musicall.com\/index.php?rest_route=\/wp\/v2\/posts\/843","targetHints":{"allow":["GET"]}}],"collection":[{"href":"https:\/\/www.toque-musicall.com\/index.php?rest_route=\/wp\/v2\/posts"}],"about":[{"href":"https:\/\/www.toque-musicall.com\/index.php?rest_route=\/wp\/v2\/types\/post"}],"author":[{"embeddable":true,"href":"https:\/\/www.toque-musicall.com\/index.php?rest_route=\/wp\/v2\/users\/1"}],"replies":[{"embeddable":true,"href":"https:\/\/www.toque-musicall.com\/index.php?rest_route=%2Fwp%2Fv2%2Fcomments&post=843"}],"version-history":[{"count":0,"href":"https:\/\/www.toque-musicall.com\/index.php?rest_route=\/wp\/v2\/posts\/843\/revisions"}],"wp:attachment":[{"href":"https:\/\/www.toque-musicall.com\/index.php?rest_route=%2Fwp%2Fv2%2Fmedia&parent=843"}],"wp:term":[{"taxonomy":"category","embeddable":true,"href":"https:\/\/www.toque-musicall.com\/index.php?rest_route=%2Fwp%2Fv2%2Fcategories&post=843"},{"taxonomy":"post_tag","embeddable":true,"href":"https:\/\/www.toque-musicall.com\/index.php?rest_route=%2Fwp%2Fv2%2Ftags&post=843"}],"curies":[{"name":"wp","href":"https:\/\/api.w.org\/{rel}","templated":true}]}}