{"id":844,"date":"2010-05-17T01:11:00","date_gmt":"2010-05-17T01:11:00","guid":{"rendered":"http:\/\/www.toque-musicall.com\/?p=844"},"modified":"2010-05-17T01:11:00","modified_gmt":"2010-05-17T01:11:00","slug":"the-black-boys-im-a-believer-sd","status":"publish","type":"post","link":"https:\/\/www.toque-musicall.com\/?p=844","title":{"rendered":"The Black Boys &#8211; I&#8217;m A Believer (S\/D)"},"content":{"rendered":"<p><a href=\"http:\/\/1.bp.blogspot.com\/_DSKVEvHtskc\/S_CrQ3qrQ9I\/AAAAAAAAGjY\/AEQI79-mwp0\/s1600\/frente2.JPG\"><img decoding=\"async\" style=\"TEXT-ALIGN: center; MARGIN: 0px auto 10px; WIDTH: 400px; DISPLAY: block; HEIGHT: 396px; CURSOR: hand\" id=\"BLOGGER_PHOTO_ID_5472061853564355538\" border=\"0\" alt=\"\" src=\"http:\/\/1.bp.blogspot.com\/_DSKVEvHtskc\/S_CrQ3qrQ9I\/AAAAAAAAGjY\/AEQI79-mwp0\/s400\/frente2.JPG\" \/><\/a> Ol\u00e1s! Eu pensei que teria mais tempo no fim de semana para me dedicar \u00e0s postagens dos discos do selo Paladium. Fiquei de fazer aqui um relato sobre o meu encontro com o Sr. Dirceu Cheib, mas realmente n\u00e3o tive tempo. Al\u00e9m de problemas pessoais, estou tamb\u00e9m cheio de trabalhos que me roubam muitas horas e at\u00e9 a inspira\u00e7\u00e3o. Estou chegando a conclus\u00e3o de que n\u00e3o adianta eu ficar planejando ou prevendo o que vir\u00e1 em seguida. Acabo me comprometendo e criando expectativas em voc\u00eas. Pelo jeito, ainda n\u00e3o vai ser hoje que irei relatar alguns fatos, os principais, sobre o selo mineiro e suas aventuras fonogr\u00e1ficas.<br \/>Por hoje, vamos seguir com mais um exemplar das cole\u00e7\u00f5es. &#8220;The Black Boys&#8221; \u00e9 outro daqueles discos sortidos e dirigidos ao p\u00fablico jovem da \u00e9poca. Uma s\u00e9rie de &#8216;hits&#8217; tanto da Jovem Guarda quanto internacionais, com direito at\u00e9 a uma vers\u00e3o de &#8220;Delicado&#8221; de Waldir Azevedo.<br \/>Dentro desse esquema de produ\u00e7\u00e3o de discos, saber quem foram os &#8220;The Black Boys&#8221; \u00e9 uma quest\u00e3o que nem mesmo o Dirceu Cheib saberia nos responder. Mas por certo, foi mais um grupo an\u00f4nimo de m\u00fasicos mineiros gravando na madrugada. Confiram aqui o repert\u00f3rio&#8230;<\/p>\n<div align=\"center\">cora\u00e7\u00e3o de papel<\/div>\n<div align=\"center\">a whiter shade of pale<\/div>\n<div align=\"center\">no milk today<\/div>\n<div align=\"center\">delicado<\/div>\n<div align=\"center\">o bom rapaz<\/div>\n<div align=\"center\">i&#8217;m a believer<\/div>\n<div align=\"center\">something stupid<\/div>\n<div align=\"center\">l&#8217;important c&#8217;est la rose<\/div>\n<div align=\"center\">te amo<\/div>\n<div align=\"center\">there&#8217;s a kind of rush<\/div>\n<div align=\"center\">garota do carnaval<\/div>\n<div align=\"center\">tributo a martin luther king<\/div>\n<div align=\"center\"> <\/div>\n<div align=\"center\"> <\/div>\n","protected":false},"excerpt":{"rendered":"<p>Ol\u00e1s! Eu pensei que teria mais tempo no fim de semana para me dedicar \u00e0s postagens dos discos do selo Paladium. Fiquei de fazer aqui um relato sobre o meu encontro com o Sr. Dirceu Cheib, mas realmente n\u00e3o tive &hellip; <a href=\"https:\/\/www.toque-musicall.com\/?p=844\">Continue lendo <span class=\"meta-nav\">&rarr;<\/span><\/a><\/p>\n","protected":false},"author":1,"featured_media":0,"comment_status":"open","ping_status":"closed","sticky":false,"template":"","format":"standard","meta":{"footnotes":""},"categories":[682,1151],"tags":[],"class_list":["post-844","post","type-post","status-publish","format-standard","hentry","category-paladium","category-the-black-boys"],"_links":{"self":[{"href":"https:\/\/www.toque-musicall.com\/index.php?rest_route=\/wp\/v2\/posts\/844","targetHints":{"allow":["GET"]}}],"collection":[{"href":"https:\/\/www.toque-musicall.com\/index.php?rest_route=\/wp\/v2\/posts"}],"about":[{"href":"https:\/\/www.toque-musicall.com\/index.php?rest_route=\/wp\/v2\/types\/post"}],"author":[{"embeddable":true,"href":"https:\/\/www.toque-musicall.com\/index.php?rest_route=\/wp\/v2\/users\/1"}],"replies":[{"embeddable":true,"href":"https:\/\/www.toque-musicall.com\/index.php?rest_route=%2Fwp%2Fv2%2Fcomments&post=844"}],"version-history":[{"count":0,"href":"https:\/\/www.toque-musicall.com\/index.php?rest_route=\/wp\/v2\/posts\/844\/revisions"}],"wp:attachment":[{"href":"https:\/\/www.toque-musicall.com\/index.php?rest_route=%2Fwp%2Fv2%2Fmedia&parent=844"}],"wp:term":[{"taxonomy":"category","embeddable":true,"href":"https:\/\/www.toque-musicall.com\/index.php?rest_route=%2Fwp%2Fv2%2Fcategories&post=844"},{"taxonomy":"post_tag","embeddable":true,"href":"https:\/\/www.toque-musicall.com\/index.php?rest_route=%2Fwp%2Fv2%2Ftags&post=844"}],"curies":[{"name":"wp","href":"https:\/\/api.w.org\/{rel}","templated":true}]}}