{"id":8449,"date":"2021-05-02T10:09:00","date_gmt":"2021-05-02T13:09:00","guid":{"rendered":"http:\/\/www.toque-musicall.com\/?p=8449"},"modified":"2021-05-06T10:11:16","modified_gmt":"2021-05-06T13:11:16","slug":"cirino-estrela-ferrada-1978","status":"publish","type":"post","link":"https:\/\/www.toque-musicall.com\/?p=8449","title":{"rendered":"Cirino &#8211; Estrela Ferrada (1978)"},"content":{"rendered":"\n<figure class=\"wp-block-image size-large\"><img decoding=\"async\" src=\"https:\/\/1.bp.blogspot.com\/-Nt4KMyZy8uY\/YJMvJUTGRxI\/AAAAAAAATow\/9z3Zjmq10DAYnNGpM027QG2SlGRKzVNLACLcBGAsYHQ\/w640-h630\/Anota%25C3%25A7%25C3%25A3o%2B2021-05-05%2B204655.jpg\" alt=\"\"\/><\/figure>\n\n\n\n<figure class=\"wp-block-image size-large\"><img decoding=\"async\" src=\"https:\/\/1.bp.blogspot.com\/-dNV_IZ1O7FA\/YJMvJS2FjoI\/AAAAAAAATo0\/sqlf-eIkcd4-o3sYkPPcatX0s2GAEAvBACLcBGAsYHQ\/w640-h638\/Anota%25C3%25A7%25C3%25A3o%2B2021-05-05%2B204727.jpg\" alt=\"\"\/><\/figure>\n\n\n<div class=\"separator\">Boa noite, meus amigos cultos e ocultos! Tenho aqui mais um disco, dos \u00faltimos enviados pelo meu bom amigo Fares, Cirino e seu \u00e1lbum &#8220;Estrela Ferrada&#8221;, lan\u00e7ado em 1978. Este foi o primeiro lp de Wilson Cirino, cantor, compositor e violonista cearense. Disco este dirigido por Jairo Pires e arranjos de Cirino com o pianista e maestro Gilson Peranzzetta. Ta\u00ed um disco bem bacana, quase todo autoral, hoje um cl\u00e1ssico entre os discos de artistas vindos do nordeste. Para quem n\u00e3o conhece, cola l\u00e1 no GTM&#8230;<\/div>\n<div class=\"separator\">\u00a0<\/div>\n<div class=\"separator\">mar\u00e9 de sen\u00f5es<\/div>\n<div class=\"separator\">quarto de pens\u00e3o<\/div>\n<div class=\"separator\">a vela e os tubar\u00f5es<\/div>\n<div class=\"separator\">tu me querias pedra<\/div>\n<div class=\"separator\">p\u00e9 de terra<\/div>\n<div class=\"separator\">bai\u00e3o do cora\u00e7\u00e3o<\/div>\n<div class=\"separator\">sobrados de aracati<\/div>\n<div class=\"separator\">passarinho<\/div>\n<div class=\"separator\">chorinho do cora\u00e7\u00e3o<\/div>\n<div class=\"separator\">pr\u00e1 la de cego aderaldo<\/div>\n<div class=\"separator\">\u00a0<\/div>\n<div class=\"separator\">\u00a0<\/div>","protected":false},"excerpt":{"rendered":"<p>Boa noite, meus amigos cultos e ocultos! Tenho aqui mais um disco, dos \u00faltimos enviados pelo meu bom amigo Fares, Cirino e seu \u00e1lbum &#8220;Estrela Ferrada&#8221;, lan\u00e7ado em 1978. Este foi o primeiro lp de Wilson Cirino, cantor, compositor e &hellip; <a href=\"https:\/\/www.toque-musicall.com\/?p=8449\">Continue lendo <span class=\"meta-nav\">&rarr;<\/span><\/a><\/p>\n","protected":false},"author":1,"featured_media":0,"comment_status":"closed","ping_status":"closed","sticky":false,"template":"","format":"standard","meta":{"footnotes":""},"categories":[4471,178],"tags":[4472,3268],"class_list":["post-8449","post","type-post","status-publish","format-standard","hentry","category-cirino","category-selo-cbs","tag-cirino","tag-selo-cbs"],"_links":{"self":[{"href":"https:\/\/www.toque-musicall.com\/index.php?rest_route=\/wp\/v2\/posts\/8449","targetHints":{"allow":["GET"]}}],"collection":[{"href":"https:\/\/www.toque-musicall.com\/index.php?rest_route=\/wp\/v2\/posts"}],"about":[{"href":"https:\/\/www.toque-musicall.com\/index.php?rest_route=\/wp\/v2\/types\/post"}],"author":[{"embeddable":true,"href":"https:\/\/www.toque-musicall.com\/index.php?rest_route=\/wp\/v2\/users\/1"}],"replies":[{"embeddable":true,"href":"https:\/\/www.toque-musicall.com\/index.php?rest_route=%2Fwp%2Fv2%2Fcomments&post=8449"}],"version-history":[{"count":1,"href":"https:\/\/www.toque-musicall.com\/index.php?rest_route=\/wp\/v2\/posts\/8449\/revisions"}],"predecessor-version":[{"id":8450,"href":"https:\/\/www.toque-musicall.com\/index.php?rest_route=\/wp\/v2\/posts\/8449\/revisions\/8450"}],"wp:attachment":[{"href":"https:\/\/www.toque-musicall.com\/index.php?rest_route=%2Fwp%2Fv2%2Fmedia&parent=8449"}],"wp:term":[{"taxonomy":"category","embeddable":true,"href":"https:\/\/www.toque-musicall.com\/index.php?rest_route=%2Fwp%2Fv2%2Fcategories&post=8449"},{"taxonomy":"post_tag","embeddable":true,"href":"https:\/\/www.toque-musicall.com\/index.php?rest_route=%2Fwp%2Fv2%2Ftags&post=8449"}],"curies":[{"name":"wp","href":"https:\/\/api.w.org\/{rel}","templated":true}]}}