{"id":8456,"date":"2021-05-05T20:04:00","date_gmt":"2021-05-05T23:04:00","guid":{"rendered":"http:\/\/www.toque-musicall.com\/?p=8456"},"modified":"2021-05-09T18:46:33","modified_gmt":"2021-05-09T21:46:33","slug":"herman-torres-1980","status":"publish","type":"post","link":"https:\/\/www.toque-musicall.com\/?p=8456","title":{"rendered":"Herman Torres (1980)"},"content":{"rendered":"\n<figure class=\"wp-block-image size-large\"><img decoding=\"async\" src=\"https:\/\/1.bp.blogspot.com\/-IIe5j7tLYAk\/YJcVNykfA9I\/AAAAAAAATpc\/EP2iwGtyON8a62tAnMUn28ZhGM-uvYDMgCLcBGAsYHQ\/w640-h634\/Anota%25C3%25A7%25C3%25A3o%2B2021-05-08%2B194033.jpg\" alt=\"\"\/><\/figure>\n\n\n\n<figure class=\"wp-block-image size-large\"><img decoding=\"async\" src=\"https:\/\/1.bp.blogspot.com\/-9KITDUM-FKA\/YJcVN0e_49I\/AAAAAAAATpg\/V7FcBHBo4hgGVNxxZaFHI3YLYu7OU3YzQCLcBGAsYHQ\/w636-h640\/Anota%25C3%25A7%25C3%25A3o%2B2021-05-08%2B194115.jpg\" alt=\"\"\/><\/figure>\n\n\n<div class=\"separator\">Boa noite, meus caros amigos cultos e ocultos! Estamos trazendo hoje o cantor e compositor Herman Torres, um nome talvez pouco lembrando, quando n\u00e3o, associado ao grupo pop Gang 90 e As Absurdettes do qual fez parte. Aqui temos dele o primeiro \u00e1lbum solo, lan\u00e7ado pela Polydor em 1980. Disco produzido por Jairo Pires, arranjos de Lincoln Olivetti e Gilson Peranzetta. Herman Torres ainda conta com um time bacana de m\u00fasicos que d\u00e3o trabalho a garantia de um trabalho realmente interessante. Podem conferir&#8230;<\/div>\n<div class=\"separator\">\u00a0<\/div>\n<div class=\"separator\">terra firme<\/div>\n<div class=\"separator\">saudade<\/div>\n<div class=\"separator\">trapa\u00e7a<\/div>\n<div class=\"separator\">lama das can\u00e7\u00f5es<\/div>\n<div class=\"separator\">peleja<\/div>\n<div class=\"separator\">fruta no p\u00e9<\/div>\n<div class=\"separator\">cobaia<\/div>\n<div class=\"separator\">noites de cetim<\/div>\n<div class=\"separator\">revoando<\/div>\n<div class=\"separator\">fera ferida<\/div>\n<div class=\"separator\">\u00a0<\/div>\n<div class=\"separator\">.<\/div>","protected":false},"excerpt":{"rendered":"<p>Boa noite, meus caros amigos cultos e ocultos! Estamos trazendo hoje o cantor e compositor Herman Torres, um nome talvez pouco lembrando, quando n\u00e3o, associado ao grupo pop Gang 90 e As Absurdettes do qual fez parte. Aqui temos dele &hellip; <a href=\"https:\/\/www.toque-musicall.com\/?p=8456\">Continue lendo <span class=\"meta-nav\">&rarr;<\/span><\/a><\/p>\n","protected":false},"author":1,"featured_media":0,"comment_status":"closed","ping_status":"closed","sticky":false,"template":"","format":"standard","meta":{"footnotes":""},"categories":[4477,146],"tags":[4478,3057],"class_list":["post-8456","post","type-post","status-publish","format-standard","hentry","category-herman-torres","category-selo-polydor","tag-herman-torres","tag-selo-polydor"],"_links":{"self":[{"href":"https:\/\/www.toque-musicall.com\/index.php?rest_route=\/wp\/v2\/posts\/8456","targetHints":{"allow":["GET"]}}],"collection":[{"href":"https:\/\/www.toque-musicall.com\/index.php?rest_route=\/wp\/v2\/posts"}],"about":[{"href":"https:\/\/www.toque-musicall.com\/index.php?rest_route=\/wp\/v2\/types\/post"}],"author":[{"embeddable":true,"href":"https:\/\/www.toque-musicall.com\/index.php?rest_route=\/wp\/v2\/users\/1"}],"replies":[{"embeddable":true,"href":"https:\/\/www.toque-musicall.com\/index.php?rest_route=%2Fwp%2Fv2%2Fcomments&post=8456"}],"version-history":[{"count":1,"href":"https:\/\/www.toque-musicall.com\/index.php?rest_route=\/wp\/v2\/posts\/8456\/revisions"}],"predecessor-version":[{"id":8457,"href":"https:\/\/www.toque-musicall.com\/index.php?rest_route=\/wp\/v2\/posts\/8456\/revisions\/8457"}],"wp:attachment":[{"href":"https:\/\/www.toque-musicall.com\/index.php?rest_route=%2Fwp%2Fv2%2Fmedia&parent=8456"}],"wp:term":[{"taxonomy":"category","embeddable":true,"href":"https:\/\/www.toque-musicall.com\/index.php?rest_route=%2Fwp%2Fv2%2Fcategories&post=8456"},{"taxonomy":"post_tag","embeddable":true,"href":"https:\/\/www.toque-musicall.com\/index.php?rest_route=%2Fwp%2Fv2%2Ftags&post=8456"}],"curies":[{"name":"wp","href":"https:\/\/api.w.org\/{rel}","templated":true}]}}