{"id":8466,"date":"2021-05-09T22:36:00","date_gmt":"2021-05-10T01:36:00","guid":{"rendered":"http:\/\/www.toque-musicall.com\/?p=8466"},"modified":"2021-05-13T22:39:13","modified_gmt":"2021-05-14T01:39:13","slug":"eugene-dhellemmes-e-sua-orquestra-requebrando-1957","status":"publish","type":"post","link":"https:\/\/www.toque-musicall.com\/?p=8466","title":{"rendered":"Eugene D&#8217;Hellemmes E Sua Orquestra &#8211; Requebrando (1957)"},"content":{"rendered":"\n<figure class=\"wp-block-image size-large\"><img decoding=\"async\" src=\"https:\/\/1.bp.blogspot.com\/-Zgl9kPfaFyk\/YJ25BY3pTGI\/AAAAAAAATqo\/qVFVtXfv_0EACJoygIrfw2VJphxS_D6ZACLcBGAsYHQ\/w640-h622\/Anota%25C3%25A7%25C3%25A3o%2B2021-04-22%2B142223.jpg\" alt=\"\"\/><\/figure>\n\n\n\n<figure class=\"wp-block-image size-large\"><img decoding=\"async\" src=\"https:\/\/1.bp.blogspot.com\/--5UsGAqXf1k\/YJ25BetxGiI\/AAAAAAAATqk\/mfg0HlHnFmoiYYW8MqT4x-DSyERuWS7owCLcBGAsYHQ\/w640-h630\/Anota%25C3%25A7%25C3%25A3o%2B2021-04-22%2B142305.jpg\" alt=\"\"\/><\/figure>\n\n\n<div class=\"separator\">Boa noite, meus caros amigos cultos e ocultos! N\u00e3o posso deixar de expressar aqui os meus sentimentos por tanta trag\u00e9dia que vemos acontecer pelo mundo e em especial aqui no nosso Brasil, por conta dessa maldita pandemia. Digo maldita por ter j\u00e1 me levando embora tantos amigos, parentes e pessoas que admiro. Tudo isso \u00e9 muito triste e o que mais incomoda \u00e9 a forma como nosso governo lidou com a coisa. Lament\u00e1vel, lastim\u00e1vel&#8230; revoltante. S\u00f3 mesmo quem n\u00e3o tem consci\u00eancia da gravidade do problema \u00e9 capaz de concordar com as medidas (ou falta delas) catastr\u00f3ficas de um governo genocida que busca salvar a sua economia \u00e0s custas das vidas de seu pr\u00f3prio povo. \u00c9 revoltante o que este (des)governo tem feito com seu povo, tratando-o como gado, como rebanho&#8230; Gente, isso \u00e9 muito s\u00e9rio! Como n\u00e3o se revoltar? Como tampar os olhos para um tamanho absurdo desses?? Pior, perceber que muitos brasileiros ainda apoiam essa figura canalha, que n\u00e3o respeita seu povo. Um idiota que deu voz a uma legi\u00e3o de outros idiotas. N\u00e3o bastasse tanta sujeira por debaixo do tapete, com corrup\u00e7\u00e3o, mil\u00edcias, desmatamento, desmonte da m\u00e1quina p\u00fablica, da sa\u00fade, da educa\u00e7\u00e3o&#8230; Somos tratados como rebanho, gado, onde os mais fracos v\u00e3o virando boi de piranha. Mas, pelo jeito n\u00e3o s\u00e3o apenas os fracos que est\u00e3o sucumbindo nessa pandemia. A coisa j\u00e1 tomou outra propor\u00e7\u00e3o, at\u00e9 mesmo quem tem &#8216;perfil de atleta&#8217; est\u00e1 morrendo. Infelizmente, para uma parcela desse &#8216;rebanho&#8217; a ficha s\u00f3 vai cair quando sentirem na pele, quando perderem um ente querido, ou mesmo quando j\u00e1 n\u00e3o puderem voltar&#8230;\u00a0<\/div>\n<div class=\"separator\">Amigos, desculpem o desabafo, mas a coisa est\u00e1 feia e a raz\u00e3o pela qual eu inicio este texto para pelos dramas que tenho vivido. Somente nesta semana vim a saber que nosso amigo e colaborador, o Samuca, est\u00e1 internado por conta do Covid e pelo que soube ele tamb\u00e9m perdeu a irm\u00e3. Uma trag\u00e9dia sem tamanho que se repete a cada dia. Da\u00ed a raz\u00e3o pela qual ele sumiu de nossos encontros. Eu, como sempre, envio para ele alguns discos para resenhas, inclusive este que hoje apresento. Seria para ele e por sinal uma dor de cabe\u00e7a, pois encontrar alguma coisa sobre este maestro, Eugene d&#8217;Hellemmes \u00e9 como procura agulha num palheiro. Realmente, informa\u00e7\u00f5es sobre o artista e disco n\u00e3o existe e aqui me limito a apenas apresent\u00e1-lo a voc\u00eas. Eis nessa obscuridade que o tempo criou um disco bem bacaninha, feito para dan\u00e7ar e em ritmos bem brasileiros. Uma sele\u00e7\u00e3o muito boa que fica ainda melhor com esta orquestra de alto n\u00edvel. S\u00f3 mesmo conferindo&#8230;<\/div>\n<div class=\"separator\">E fica aqui a nossa for\u00e7a, pensamento positivo para que logo o nosso amigo Samuel Machado Filho se recupere e volte a colaborar com o nosso Toque Musical.\u00a0<\/div>\n<div class=\"separator\">\u00a0<\/div>\n<div class=\"separator\">a chuva caiu<\/div>\n<div class=\"separator\">a festa da dorinha<\/div>\n<div class=\"separator\">nizei<\/div>\n<div class=\"separator\">gad\u00fa namorando<\/div>\n<div class=\"separator\">rio \u00e9 amor<\/div>\n<div class=\"separator\">leva saudade<\/div>\n<div class=\"separator\">insensato cora\u00e7\u00e3o<\/div>\n<div class=\"separator\">elegante<\/div>\n<div class=\"separator\">\u00a0<\/div>\n<div class=\"separator\">.<\/div>","protected":false},"excerpt":{"rendered":"<p>Boa noite, meus caros amigos cultos e ocultos! N\u00e3o posso deixar de expressar aqui os meus sentimentos por tanta trag\u00e9dia que vemos acontecer pelo mundo e em especial aqui no nosso Brasil, por conta dessa maldita pandemia. Digo maldita por &hellip; <a href=\"https:\/\/www.toque-musicall.com\/?p=8466\">Continue lendo <span class=\"meta-nav\">&rarr;<\/span><\/a><\/p>\n","protected":false},"author":1,"featured_media":0,"comment_status":"closed","ping_status":"closed","sticky":false,"template":"","format":"standard","meta":{"footnotes":""},"categories":[4483,146],"tags":[4482,3057],"class_list":["post-8466","post","type-post","status-publish","format-standard","hentry","category-eugene-dhellemmes-e-sua-orquestra","category-selo-polydor","tag-eugene-dhellemmes-e-sua-orquestra","tag-selo-polydor"],"_links":{"self":[{"href":"https:\/\/www.toque-musicall.com\/index.php?rest_route=\/wp\/v2\/posts\/8466","targetHints":{"allow":["GET"]}}],"collection":[{"href":"https:\/\/www.toque-musicall.com\/index.php?rest_route=\/wp\/v2\/posts"}],"about":[{"href":"https:\/\/www.toque-musicall.com\/index.php?rest_route=\/wp\/v2\/types\/post"}],"author":[{"embeddable":true,"href":"https:\/\/www.toque-musicall.com\/index.php?rest_route=\/wp\/v2\/users\/1"}],"replies":[{"embeddable":true,"href":"https:\/\/www.toque-musicall.com\/index.php?rest_route=%2Fwp%2Fv2%2Fcomments&post=8466"}],"version-history":[{"count":1,"href":"https:\/\/www.toque-musicall.com\/index.php?rest_route=\/wp\/v2\/posts\/8466\/revisions"}],"predecessor-version":[{"id":8467,"href":"https:\/\/www.toque-musicall.com\/index.php?rest_route=\/wp\/v2\/posts\/8466\/revisions\/8467"}],"wp:attachment":[{"href":"https:\/\/www.toque-musicall.com\/index.php?rest_route=%2Fwp%2Fv2%2Fmedia&parent=8466"}],"wp:term":[{"taxonomy":"category","embeddable":true,"href":"https:\/\/www.toque-musicall.com\/index.php?rest_route=%2Fwp%2Fv2%2Fcategories&post=8466"},{"taxonomy":"post_tag","embeddable":true,"href":"https:\/\/www.toque-musicall.com\/index.php?rest_route=%2Fwp%2Fv2%2Ftags&post=8466"}],"curies":[{"name":"wp","href":"https:\/\/api.w.org\/{rel}","templated":true}]}}