{"id":847,"date":"2010-05-13T22:53:00","date_gmt":"2010-05-13T22:53:00","guid":{"rendered":"http:\/\/www.toque-musicall.com\/?p=847"},"modified":"2020-04-29T21:07:39","modified_gmt":"2020-04-30T00:07:39","slug":"rubens-bassini-e-os-11-magnificos-ritmo-fantastico-1961","status":"publish","type":"post","link":"https:\/\/www.toque-musicall.com\/?p=847","title":{"rendered":"Rubens Bassini E Os 11 Magn\u00edficos &#8211; Ritmo Fant\u00e1stico (1961)"},"content":{"rendered":"<p><a href=\"http:\/\/1.bp.blogspot.com\/_DSKVEvHtskc\/S-yD9ccZT-I\/AAAAAAAAGik\/R9qlXGYmdzU\/s1600\/rubens+bassini+-+ritmo+fant%C3%A1stico+pp.JPG\"><img decoding=\"async\" id=\"BLOGGER_PHOTO_ID_5470892738978861026\" style=\"text-align: center; margin: 0px auto 10px; width: 400px; display: block; height: 393px; cursor: hand;\" src=\"http:\/\/1.bp.blogspot.com\/_DSKVEvHtskc\/S-yD9ccZT-I\/AAAAAAAAGik\/R9qlXGYmdzU\/s400\/rubens+bassini+-+ritmo+fant%C3%A1stico+pp.JPG\" alt=\"\" border=\"0\" \/><\/a> Excepcionalmente, estou abrindo espa\u00e7o para mais uma postagem no dia, esclarecendo um pouco sobre este curioso fato do disco do Rubens Bassini que virou nas m\u00e3os da Paladium Raul Ferreira e Seus Ritmistas. \u00c9 interessante perceber como um disco lan\u00e7ado em 1961, uns quatro anos depois, reaparece com outro nome e em outro selo como se antes nunca tivesse existido. Provavelmente deve ser o que pensaram os respons\u00e1veis pelo selo Pawal ao repa$$ar para outros os fonogramas. Tenho certeza que o pessoal da Paladium n\u00e3o se apropriou indevidamente dessas grava\u00e7\u00f5es. A coisa n\u00e3o chegava a esse ponto. Como eu havia dito anteriormente, a Bemol\/Paladium fazia umas &#8216;transa\u00e7\u00f5es fonogr\u00e1ficas&#8217; com uma turma do Rio de Janeiro que havia criado um selo, o Coledisc. Eles negociavam matrizes, relan\u00e7ando com outros nomes e capas. Ainda n\u00e3o havia no Brasil um controle de direitos autorais com os de hoje&#8230; quero dizer, no sentido t\u00e9cnico da coisa. Provavelmente o Rubens Bassini n\u00e3o ganhou muito com a grava\u00e7\u00e3o desse disco e com certeza n\u00e3o viu um centavo estando na pele de Raul Ferreira. Talvez ainda, nem tenha ficado sabendo dessa hist\u00f3ria (isso para n\u00e3o falar no \u00e1lbum relan\u00e7ado l\u00e1 fora, em cd, pela WhatMusic).<br \/>\nPor outro lado, a Bemol ao adquirir as grava\u00e7\u00f5es ou matrizes nem devia saber quem era o artista ou quanto este disco havia vendido. Certamente, embora seja um excelente trabalho musical, n\u00e3o deve ter despertado muito interesse na \u00e9poca. Tanto assim que poucos anos depois ele j\u00e1 tinha se transformado em outra coisa.<br \/>\nAmanh\u00e3 postarei mais um caso, semelhante a este. Confiram tamb\u00e9m aqui as duas vers\u00f5es. Este disco \u00e9 t\u00e3o bom que vale a pena uma dose dupla \ud83d\ude09<\/p>\n","protected":false},"excerpt":{"rendered":"<p>Excepcionalmente, estou abrindo espa\u00e7o para mais uma postagem no dia, esclarecendo um pouco sobre este curioso fato do disco do Rubens Bassini que virou nas m\u00e3os da Paladium Raul Ferreira e Seus Ritmistas. \u00c9 interessante perceber como um disco lan\u00e7ado &hellip; <a href=\"https:\/\/www.toque-musicall.com\/?p=847\">Continue lendo <span class=\"meta-nav\">&rarr;<\/span><\/a><\/p>\n","protected":false},"author":1,"featured_media":0,"comment_status":"open","ping_status":"closed","sticky":false,"template":"","format":"standard","meta":{"footnotes":""},"categories":[1154,1155,1991],"tags":[3608],"class_list":["post-847","post","type-post","status-publish","format-standard","hentry","category-raul-ferreira-e-seus-ritmistas","category-rubens-bassini","category-selo-pawal","tag-selo-pawal"],"_links":{"self":[{"href":"https:\/\/www.toque-musicall.com\/index.php?rest_route=\/wp\/v2\/posts\/847","targetHints":{"allow":["GET"]}}],"collection":[{"href":"https:\/\/www.toque-musicall.com\/index.php?rest_route=\/wp\/v2\/posts"}],"about":[{"href":"https:\/\/www.toque-musicall.com\/index.php?rest_route=\/wp\/v2\/types\/post"}],"author":[{"embeddable":true,"href":"https:\/\/www.toque-musicall.com\/index.php?rest_route=\/wp\/v2\/users\/1"}],"replies":[{"embeddable":true,"href":"https:\/\/www.toque-musicall.com\/index.php?rest_route=%2Fwp%2Fv2%2Fcomments&post=847"}],"version-history":[{"count":2,"href":"https:\/\/www.toque-musicall.com\/index.php?rest_route=\/wp\/v2\/posts\/847\/revisions"}],"predecessor-version":[{"id":7384,"href":"https:\/\/www.toque-musicall.com\/index.php?rest_route=\/wp\/v2\/posts\/847\/revisions\/7384"}],"wp:attachment":[{"href":"https:\/\/www.toque-musicall.com\/index.php?rest_route=%2Fwp%2Fv2%2Fmedia&parent=847"}],"wp:term":[{"taxonomy":"category","embeddable":true,"href":"https:\/\/www.toque-musicall.com\/index.php?rest_route=%2Fwp%2Fv2%2Fcategories&post=847"},{"taxonomy":"post_tag","embeddable":true,"href":"https:\/\/www.toque-musicall.com\/index.php?rest_route=%2Fwp%2Fv2%2Ftags&post=847"}],"curies":[{"name":"wp","href":"https:\/\/api.w.org\/{rel}","templated":true}]}}