{"id":848,"date":"2010-05-13T10:29:00","date_gmt":"2010-05-13T10:29:00","guid":{"rendered":"http:\/\/www.toque-musicall.com\/?p=848"},"modified":"2010-05-13T10:29:00","modified_gmt":"2010-05-13T10:29:00","slug":"raul-ferreira-e-seus-ritmistas-ceu-e-mar-sd","status":"publish","type":"post","link":"https:\/\/www.toque-musicall.com\/?p=848","title":{"rendered":"Raul Ferreira E Seus Ritmistas &#8211; C\u00e9u E Mar (S\/D)"},"content":{"rendered":"<p><a href=\"http:\/\/2.bp.blogspot.com\/_DSKVEvHtskc\/S-vVYj9uwBI\/AAAAAAAAGiY\/h1xDc1k5BCs\/s1600\/Raul+Ferreira+e+Seus+Ritmistas+P.JPG\"><img decoding=\"async\" style=\"TEXT-ALIGN: center; MARGIN: 0px auto 10px; WIDTH: 400px; DISPLAY: block; HEIGHT: 384px; CURSOR: hand\" id=\"BLOGGER_PHOTO_ID_5470700790319333394\" border=\"0\" alt=\"\" src=\"http:\/\/2.bp.blogspot.com\/_DSKVEvHtskc\/S-vVYj9uwBI\/AAAAAAAAGiY\/h1xDc1k5BCs\/s400\/Raul+Ferreira+e+Seus+Ritmistas+P.JPG\" \/><\/a> Ol\u00e1 amigos cultos e ocultos! Gostei de ver&#8230; responderam prontamente \u00e0 \u00faltima postagem. Alguns tiveram at\u00e9 a gentileza de enviar a capa e contracapa original, o que mais uma vez eu agrade\u00e7o. Embora agora j\u00e1 tenhamos o disco completo, n\u00e3o irei mexer em nada, deixarei a postagem como est\u00e1. S\u00f3 assim ela faz sentido, n\u00e3o \u00e9 mesmo?<br \/>Para hoje vamos com &#8220;Raul Ferreira e Seus Ritmistas&#8221;. Este disco \u00e9 um dos poucos da Paladium que j\u00e1 foi bem divulgado em blogs e sites. Atualmente pode ser encontrado tamb\u00e9m no <a href=\"http:\/\/www.blogger.com\/acervoorigens.blogspot.com\/2007\/02\/raul-ferreira-e-seus-ritmistas.html\">Acervos Origens<\/a>, e para a venda do vinil, em diversos sites e no Mercado Livre. Entre os discos da Paladium este \u00e9 um dos poucos que nos parece ser um \u00e1lbum de carreira, ou melhor dizendo, um disco de artista de verdade. Pelo nome, pela capa, temos quase a certeza de que Raul Ferreira existiu. Mas, segundo o criador da Paladium, Dirceu Cheib, trata-se de mais um pseud\u00f4nimo. Ele n\u00e3o se lembra mais quem interpretou esse papel, mas afirmou ser este mais um nome fict\u00edcio. Eu desconfio que este disco em especial foi gravado no Rio de Janeiro, com m\u00fasicos locais. Digo isso porque na conversa que eu tive com o Dirceu ele me contou que fazia um certo &#8216;interc\u00e2mbio fonogr\u00e1fico&#8217; com uma editora musical do Rio, a Coledisc, que seguia na mesma onda da Paladium, fazendo discos para cole\u00e7\u00f5es e vendas a domic\u00edlio. Pelo estilo e repert\u00f3rio do &#8216;Raul Ferreira e Seus Ritmistas&#8221; eu tenho quase a certeza de que foi assim. Quem ainda n\u00e3o viu e nem ouviu o disco, tem aqui o prazer de conferir. Muito bom!<\/p>\n<div align=\"center\">c\u00e9u e mar<\/div>\n<div align=\"center\">c\u00f4co seco<\/div>\n<div align=\"center\">o barquinho<\/div>\n<div align=\"center\">september song<\/div>\n<div align=\"center\">canoinha<\/div>\n<div align=\"center\">cuban mambo<\/div>\n<div align=\"center\">mirage<\/div>\n<div align=\"center\">maria conga<\/div>\n<div align=\"center\">love for sale<\/div>\n<div align=\"center\">mensagem<\/div>\n<div align=\"center\">esto es el ritmo<\/div>\n<div align=\"center\">quem quiser encontrar o amor<\/div>\n<div align=\"center\"> <\/div>\n<div align=\"center\"> <\/div>\n","protected":false},"excerpt":{"rendered":"<p>Ol\u00e1 amigos cultos e ocultos! Gostei de ver&#8230; responderam prontamente \u00e0 \u00faltima postagem. Alguns tiveram at\u00e9 a gentileza de enviar a capa e contracapa original, o que mais uma vez eu agrade\u00e7o. Embora agora j\u00e1 tenhamos o disco completo, n\u00e3o &hellip; <a href=\"https:\/\/www.toque-musicall.com\/?p=848\">Continue lendo <span class=\"meta-nav\">&rarr;<\/span><\/a><\/p>\n","protected":false},"author":1,"featured_media":0,"comment_status":"open","ping_status":"closed","sticky":false,"template":"","format":"standard","meta":{"footnotes":""},"categories":[682,1154],"tags":[],"class_list":["post-848","post","type-post","status-publish","format-standard","hentry","category-paladium","category-raul-ferreira-e-seus-ritmistas"],"_links":{"self":[{"href":"https:\/\/www.toque-musicall.com\/index.php?rest_route=\/wp\/v2\/posts\/848","targetHints":{"allow":["GET"]}}],"collection":[{"href":"https:\/\/www.toque-musicall.com\/index.php?rest_route=\/wp\/v2\/posts"}],"about":[{"href":"https:\/\/www.toque-musicall.com\/index.php?rest_route=\/wp\/v2\/types\/post"}],"author":[{"embeddable":true,"href":"https:\/\/www.toque-musicall.com\/index.php?rest_route=\/wp\/v2\/users\/1"}],"replies":[{"embeddable":true,"href":"https:\/\/www.toque-musicall.com\/index.php?rest_route=%2Fwp%2Fv2%2Fcomments&post=848"}],"version-history":[{"count":0,"href":"https:\/\/www.toque-musicall.com\/index.php?rest_route=\/wp\/v2\/posts\/848\/revisions"}],"wp:attachment":[{"href":"https:\/\/www.toque-musicall.com\/index.php?rest_route=%2Fwp%2Fv2%2Fmedia&parent=848"}],"wp:term":[{"taxonomy":"category","embeddable":true,"href":"https:\/\/www.toque-musicall.com\/index.php?rest_route=%2Fwp%2Fv2%2Fcategories&post=848"},{"taxonomy":"post_tag","embeddable":true,"href":"https:\/\/www.toque-musicall.com\/index.php?rest_route=%2Fwp%2Fv2%2Ftags&post=848"}],"curies":[{"name":"wp","href":"https:\/\/api.w.org\/{rel}","templated":true}]}}