{"id":8481,"date":"2021-05-16T21:23:00","date_gmt":"2021-05-17T00:23:00","guid":{"rendered":"http:\/\/www.toque-musicall.com\/?p=8481"},"modified":"2021-06-04T21:25:26","modified_gmt":"2021-06-05T00:25:26","slug":"cantata-pra-alagamar-1978","status":"publish","type":"post","link":"https:\/\/www.toque-musicall.com\/?p=8481","title":{"rendered":"Cantata Pra Alagamar (1978)"},"content":{"rendered":"\n<figure class=\"wp-block-image size-large\"><img decoding=\"async\" src=\"https:\/\/1.bp.blogspot.com\/-u1LIFo9M05s\/YKW6_LSrm8I\/AAAAAAAATs0\/cr4Na4i23Z8Cif2jCRWPNceGwdfDMKwBACLcBGAsYHQ\/w640-h640\/Anota%25C3%25A7%25C3%25A3o%2B2021-05-19%2B221658.jpg\" alt=\"\"\/><\/figure>\n\n\n\n<figure class=\"wp-block-image size-large\"><img decoding=\"async\" src=\"https:\/\/1.bp.blogspot.com\/-fVf_vMnbpdk\/YKW6_X7p5OI\/AAAAAAAATs4\/IZOScL8Cc1AEbum4kYERgg0bF2fbc7H5wCLcBGAsYHQ\/w638-h640\/Anota%25C3%25A7%25C3%25A3o%2B2021-05-19%2B221730.jpg\" alt=\"\"\/><\/figure>\n\n\n<div class=\"separator\">Boa noite a todos, amigos cultos e ocultos! Inicialmente, quero agradecer ao pessoal da loja de discos Acervos, em Belo Horizonte, que gentilmente e vez por outra me emprestam discos, como este que hoje apresento a voc\u00eas. O mesmo vale para a Discoteca P\u00fablica e tamb\u00e9m o meu bom amigo F\u00e1res. \u00c9 gra\u00e7as a essa turminha que temos aqui no Toque Musical um leque t\u00e3o variado de discos. N\u00e3o esquecendo tamb\u00e9m outros tantos amigos que nos enviam seus arquivos digitalizados. O que n\u00e3o nos falta \u00e9 disco, falta somente o tempo para nos dedicar mais.<\/div>\n<div class=\"separator\">Ent\u00e3o, aqui temos um disco do selo Marcus Pereira. Entre os tantos que foram publicados, este talvez seja um dos mais raro e isso se deve ao fato de seu conte\u00fado, que \u00e9 mais documental do que propriamente um disco musical e creio que a tem\u00e1tica a qual o lp se trata traz tamb\u00e9m um fator pol\u00edtico que para muitos n\u00e3o \u00e9 interessante. Da\u00ed, vemos que se trata de um disco o qual foi produzido em pequena escala e portanto de edi\u00e7\u00e3o ainda mais limitada que outros disco do selo Marcus Pereira.<\/div>\n<div class=\"separator\">Nos anos 70, centenas de camponeses se concentraram em frete ao pal\u00e1cio do Governo da Para\u00edba, para protestar, durante a visita do ent\u00e3o presidente da Rep\u00fablica, o general Ernesto Geisel a Jo\u00e3o Pessoa. Eram representantes de centenas de fam\u00edlias de lavradores que estavam sendo amea\u00e7adas de despejo das terras onde trabalhavam h\u00e1 mais de 30 anos, na regi\u00e3o conhecida como Grande Alagamar, no interior do Estado. Naquela \u00e9poca o governo federal estava implantando as usinas de cana de a\u00e7\u00facar para a produ\u00e7\u00e3o de \u00e1lcool combust\u00edvel. A \u00e1rea das fazendas onde moravam e trabalhavam esses agricultores como arrendat\u00e1rios foram passadas\/vendidas a investidores que buscavam transforma as \u00e1reas em planta\u00e7\u00f5es de cana de a\u00e7\u00facar. Isso gerou muito conflito com viol\u00eancia, tendo inclusive a interven\u00e7\u00e3o da Igreja em favor dos camponeses&#8230;<\/div>\n<div class=\"separator\">Este lp nos conta essa hist\u00f3ria em forma de uma cantata com m\u00fasica e reg\u00eancia de Jos\u00e9 Alberto Kaplan e texto de Waldemar Jos\u00e9 Solha. Ta\u00ed um disco cuja mensagem cabe bem nos dias de hoje, onde esse (des)governo, por tr\u00e1s de muita cortina de fuma\u00e7a, vem passando a sua boiada, destruindo reservas em favor dos grandes pecuaristas.<\/div>\n<div class=\"separator\">\u00a0<\/div>\n<div class=\"separator\">cantata pra alagamar<\/div>\n<div>\u00a0<\/div>\n<div>\u00a0<\/div>\n<div>.<\/div>","protected":false},"excerpt":{"rendered":"<p>Boa noite a todos, amigos cultos e ocultos! Inicialmente, quero agradecer ao pessoal da loja de discos Acervos, em Belo Horizonte, que gentilmente e vez por outra me emprestam discos, como este que hoje apresento a voc\u00eas. O mesmo vale &hellip; <a href=\"https:\/\/www.toque-musicall.com\/?p=8481\">Continue lendo <span class=\"meta-nav\">&rarr;<\/span><\/a><\/p>\n","protected":false},"author":1,"featured_media":0,"comment_status":"closed","ping_status":"closed","sticky":false,"template":"","format":"standard","meta":{"footnotes":""},"categories":[4494,130],"tags":[4495,3794],"class_list":["post-8481","post","type-post","status-publish","format-standard","hentry","category-cantata-pra-alagamar","category-selo-marcus-pereira","tag-cantata-pra-alagamar","tag-selo-marcus-pereira"],"_links":{"self":[{"href":"https:\/\/www.toque-musicall.com\/index.php?rest_route=\/wp\/v2\/posts\/8481","targetHints":{"allow":["GET"]}}],"collection":[{"href":"https:\/\/www.toque-musicall.com\/index.php?rest_route=\/wp\/v2\/posts"}],"about":[{"href":"https:\/\/www.toque-musicall.com\/index.php?rest_route=\/wp\/v2\/types\/post"}],"author":[{"embeddable":true,"href":"https:\/\/www.toque-musicall.com\/index.php?rest_route=\/wp\/v2\/users\/1"}],"replies":[{"embeddable":true,"href":"https:\/\/www.toque-musicall.com\/index.php?rest_route=%2Fwp%2Fv2%2Fcomments&post=8481"}],"version-history":[{"count":1,"href":"https:\/\/www.toque-musicall.com\/index.php?rest_route=\/wp\/v2\/posts\/8481\/revisions"}],"predecessor-version":[{"id":8482,"href":"https:\/\/www.toque-musicall.com\/index.php?rest_route=\/wp\/v2\/posts\/8481\/revisions\/8482"}],"wp:attachment":[{"href":"https:\/\/www.toque-musicall.com\/index.php?rest_route=%2Fwp%2Fv2%2Fmedia&parent=8481"}],"wp:term":[{"taxonomy":"category","embeddable":true,"href":"https:\/\/www.toque-musicall.com\/index.php?rest_route=%2Fwp%2Fv2%2Fcategories&post=8481"},{"taxonomy":"post_tag","embeddable":true,"href":"https:\/\/www.toque-musicall.com\/index.php?rest_route=%2Fwp%2Fv2%2Ftags&post=8481"}],"curies":[{"name":"wp","href":"https:\/\/api.w.org\/{rel}","templated":true}]}}