{"id":8489,"date":"2021-05-20T16:36:00","date_gmt":"2021-05-20T19:36:00","guid":{"rendered":"http:\/\/www.toque-musicall.com\/?p=8489"},"modified":"2021-06-04T21:42:59","modified_gmt":"2021-06-05T00:42:59","slug":"domingos-pecci-magoas-de-um-chorao-vol-2-1966","status":"publish","type":"post","link":"https:\/\/www.toque-musicall.com\/?p=8489","title":{"rendered":"Domingos Pecci &#8211; M\u00e1goas De Um Chor\u00e3o Vol. 2 (1966)"},"content":{"rendered":"<p><img decoding=\"async\" src=\"https:\/\/1.bp.blogspot.com\/-J1-f3juxVwI\/YKqv8SkTGdI\/AAAAAAAATt0\/J4NxRhGQ53osibybaOMiwu13TNM4jiMMwCLcBGAsYHQ\/w640-h634\/Anota%25C3%25A7%25C3%25A3o%2B2021-05-23%2B163923.jpg\" \/><\/p>\n<p>\u00a0<\/p>\n\n\n<figure class=\"wp-block-image size-large\"><img decoding=\"async\" src=\"https:\/\/1.bp.blogspot.com\/-kiTWZQFSE_k\/YKqv8e1D2YI\/AAAAAAAATt4\/bUvyIGumMqc0horele2Yz4cF4Nf0Q1W3QCLcBGAsYHQ\/w640-h640\/Anota%25C3%25A7%25C3%25A3o%2B2021-05-23%2B163954.jpg\" alt=\"\"\/><\/figure>\n\n\n<div class=\"separator\">Boa tarde, amigos cultos e ocultos! Ainda atendendo um pedido especial, vamos com um pouco mais de choro e de quebra ainda tem as valsinhas. \u00c9 mais ou menos na mesma linha do Jair Pimentel que trago mais uma vez para o nosso Toque Musical, o saxofonista Domingos Pecci. J\u00e1 hav\u00edamos postado dele &#8220;Um saxofone no choro&#8221;, uma reedi\u00e7\u00e3o de 1977 de um disco gravado em 60. Agora vamos como &#8220;M\u00e1goas de um chor\u00e3o, vol, 2&#8221;, disco lan\u00e7ado pela Chantecler em 1966. Neste lp encontramos tamb\u00e9m um repert\u00f3rio com composi\u00e7\u00f5es pr\u00f3prias e de outros autores do universo seresteiro. Confiram&#8230;<\/div>\n<div class=\"separator\">\u00a0<\/div>\n<div class=\"separator\">saxofone porque choras<\/div>\n<div class=\"separator\">amorosa<\/div>\n<div class=\"separator\">teu sorriso<\/div>\n<div class=\"separator\">nice<\/div>\n<div class=\"separator\">chorando<\/div>\n<div class=\"separator\">primaveril<\/div>\n<div class=\"separator\">beira-mar<\/div>\n<div class=\"separator\">flor de ab\u00f4bora<\/div>\n<div class=\"separator\">cec\u00edlia<\/div>\n<div class=\"separator\">pesadelo<\/div>\n<div class=\"separator\">jovina<\/div>\n<div class=\"separator\">que noite estrelada<\/div>\n<div class=\"separator\">\u00a0<\/div>\n<div class=\"separator\">\u00a0<\/div>\n<div class=\"separator\">.<\/div>","protected":false},"excerpt":{"rendered":"<p>\u00a0 Boa tarde, amigos cultos e ocultos! Ainda atendendo um pedido especial, vamos com um pouco mais de choro e de quebra ainda tem as valsinhas. \u00c9 mais ou menos na mesma linha do Jair Pimentel que trago mais uma &hellip; <a href=\"https:\/\/www.toque-musicall.com\/?p=8489\">Continue lendo <span class=\"meta-nav\">&rarr;<\/span><\/a><\/p>\n","protected":false},"author":1,"featured_media":0,"comment_status":"closed","ping_status":"closed","sticky":false,"template":"","format":"standard","meta":{"footnotes":""},"categories":[4028,217],"tags":[4502,3073],"class_list":["post-8489","post","type-post","status-publish","format-standard","hentry","category-domingos-pecci","category-selo-chantecler","tag-domingos-pecci","tag-selo-chantecler"],"_links":{"self":[{"href":"https:\/\/www.toque-musicall.com\/index.php?rest_route=\/wp\/v2\/posts\/8489","targetHints":{"allow":["GET"]}}],"collection":[{"href":"https:\/\/www.toque-musicall.com\/index.php?rest_route=\/wp\/v2\/posts"}],"about":[{"href":"https:\/\/www.toque-musicall.com\/index.php?rest_route=\/wp\/v2\/types\/post"}],"author":[{"embeddable":true,"href":"https:\/\/www.toque-musicall.com\/index.php?rest_route=\/wp\/v2\/users\/1"}],"replies":[{"embeddable":true,"href":"https:\/\/www.toque-musicall.com\/index.php?rest_route=%2Fwp%2Fv2%2Fcomments&post=8489"}],"version-history":[{"count":1,"href":"https:\/\/www.toque-musicall.com\/index.php?rest_route=\/wp\/v2\/posts\/8489\/revisions"}],"predecessor-version":[{"id":8490,"href":"https:\/\/www.toque-musicall.com\/index.php?rest_route=\/wp\/v2\/posts\/8489\/revisions\/8490"}],"wp:attachment":[{"href":"https:\/\/www.toque-musicall.com\/index.php?rest_route=%2Fwp%2Fv2%2Fmedia&parent=8489"}],"wp:term":[{"taxonomy":"category","embeddable":true,"href":"https:\/\/www.toque-musicall.com\/index.php?rest_route=%2Fwp%2Fv2%2Fcategories&post=8489"},{"taxonomy":"post_tag","embeddable":true,"href":"https:\/\/www.toque-musicall.com\/index.php?rest_route=%2Fwp%2Fv2%2Ftags&post=8489"}],"curies":[{"name":"wp","href":"https:\/\/api.w.org\/{rel}","templated":true}]}}