{"id":849,"date":"2010-05-12T09:45:00","date_gmt":"2010-05-12T09:45:00","guid":{"rendered":"http:\/\/www.toque-musicall.com\/?p=849"},"modified":"2020-11-30T16:56:37","modified_gmt":"2020-11-30T19:56:37","slug":"p-trio-embalo-sd","status":"publish","type":"post","link":"https:\/\/www.toque-musicall.com\/?p=849","title":{"rendered":"P. Trio &#8211; Embalo (S\/D)"},"content":{"rendered":"<p><a href=\"http:\/\/2.bp.blogspot.com\/_DSKVEvHtskc\/S-p6UpAvrcI\/AAAAAAAAGiA\/RSiALi2dBhU\/s1600\/folder+p.JPG\"><img decoding=\"async\" id=\"BLOGGER_PHOTO_ID_5470319192419839426\" style=\"text-align: center; margin: 0px auto 10px; width: 400px; display: block; height: 388px; cursor: hand;\" src=\"http:\/\/2.bp.blogspot.com\/_DSKVEvHtskc\/S-p6UpAvrcI\/AAAAAAAAGiA\/RSiALi2dBhU\/s400\/folder+p.JPG\" alt=\"\" border=\"0\" \/><\/a> Ol\u00e1s! Diante a tantos discos e a toda oculta hist\u00f3ria da Paladium, eu acho que ainda iremos render mais uma semana postando seus t\u00edtulos. Eu ontem estive no Est\u00fadio Bemol recolhendo um depoimento com o Dirceu Cheib e ele me esclareceu muitas coisas sobre o selo. Sem d\u00favidas, muito do que eu j\u00e1 supunha e escrevi em postagens anteriores foi confirmado. Deixarei para fazer o relato de tudo no final de semana, quando terei mais tempo para escrevinhar a verdadeira hist\u00f3ria da Paladium e o meu encontro com este senhor, que foi o pioneiro e \u00e9 um dos mais respeitados profissionais da grava\u00e7\u00e3o no Brasil.<br \/>\nPara compor o nosso dia, estou trazendo hoje um disco, o qual eu n\u00e3o tenho a capa. Descobri que se tratava de um exemplar com erro. O selo do lado B n\u00e3o corresponde \u00e0s m\u00fasicas das faixas. Consta como sendo do &#8216;conjunto&#8217; The Black Boys, um grupo ao estilo da Jovem Guarda. Mas ao ouvir percebemos o engano. O selo foi colado no disco errado. O que temos na verdade n\u00e3o \u00e9 &#8216;\u00eai \u00eai \u00eai&#8217; e sim um belo disco de bossa e jazz. O lado B \u00e9 a sequ\u00eancia do disco do &#8216;grupo&#8221; P. Trio, pura Bossa Nova. Como eu n\u00e3o tenho a capa, n\u00e3o achei informa\u00e7\u00f5es sobre o disco. Quanto ao &#8220;P. Trio&#8221;, n\u00e3o deve ser mineiro, possivelmente deve ter sido formado por m\u00fasicos paulistas ou ainda cariocas. Havia um certo &#8216;interc\u00e2mbio fonogr\u00e1fico&#8217; entre a Bemol\/Paladium e um grupo de empres\u00e1rios cariocas respons\u00e1veis pelo obscuro selo Coledisc, que seguia a mesma onda do selo mineiro. Algumas das faixas do lado trocado, eu n\u00e3o soube imediatamente identificar. Estou deixando essa miss\u00e3o para os amigos cultos e ocultos do blog. Quem adivinhar ganha um doce \ud83d\ude42 O concurso termina assim que todas as faixas forem nomeadas \ud83d\ude09<br \/>\nA capa original eu n\u00e3o consegui localizar, nem como exemplo. Da\u00ed, criei essa frontal que nada mais \u00e9 que uma deriva\u00e7\u00e3o da capa do disco dOs Abutres, j\u00e1 postado aqui. Notaram a semelhan\u00e7a? Confiram o disco. muito bom!<\/p>\n<div align=\"center\">\n<div align=\"center\">meu refr\u00e3o<\/div>\n<div align=\"center\">love letters<\/div>\n<div align=\"center\">the shadows of your smile<\/div>\n<div align=\"center\">a rita<\/div>\n<div align=\"center\">carinhoso<\/div>\n<div align=\"center\">roda<\/div>\n<div align=\"center\">mascarada<\/div>\n<div align=\"center\">noite dos mascarados<\/div>\n<div align=\"center\">velhos tempos<\/div>\n<div align=\"center\">do jeito que a gente quer<br \/>\nspanih feea<\/div>\n<div align=\"center\">pr\u00e1 dizer adeus<\/div>\n<\/div>\n<div align=\"center\"><\/div>\n<div align=\"center\"><\/div>\n","protected":false},"excerpt":{"rendered":"<p>Ol\u00e1s! Diante a tantos discos e a toda oculta hist\u00f3ria da Paladium, eu acho que ainda iremos render mais uma semana postando seus t\u00edtulos. Eu ontem estive no Est\u00fadio Bemol recolhendo um depoimento com o Dirceu Cheib e ele me &hellip; <a href=\"https:\/\/www.toque-musicall.com\/?p=849\">Continue lendo <span class=\"meta-nav\">&rarr;<\/span><\/a><\/p>\n","protected":false},"author":1,"featured_media":0,"comment_status":"open","ping_status":"closed","sticky":false,"template":"","format":"standard","meta":{"footnotes":""},"categories":[1156,682,344],"tags":[4066,3288],"class_list":["post-849","post","type-post","status-publish","format-standard","hentry","category-p-trio","category-paladium","category-selo-paladium","tag-p-trio","tag-selo-paladium"],"_links":{"self":[{"href":"https:\/\/www.toque-musicall.com\/index.php?rest_route=\/wp\/v2\/posts\/849","targetHints":{"allow":["GET"]}}],"collection":[{"href":"https:\/\/www.toque-musicall.com\/index.php?rest_route=\/wp\/v2\/posts"}],"about":[{"href":"https:\/\/www.toque-musicall.com\/index.php?rest_route=\/wp\/v2\/types\/post"}],"author":[{"embeddable":true,"href":"https:\/\/www.toque-musicall.com\/index.php?rest_route=\/wp\/v2\/users\/1"}],"replies":[{"embeddable":true,"href":"https:\/\/www.toque-musicall.com\/index.php?rest_route=%2Fwp%2Fv2%2Fcomments&post=849"}],"version-history":[{"count":1,"href":"https:\/\/www.toque-musicall.com\/index.php?rest_route=\/wp\/v2\/posts\/849\/revisions"}],"predecessor-version":[{"id":8005,"href":"https:\/\/www.toque-musicall.com\/index.php?rest_route=\/wp\/v2\/posts\/849\/revisions\/8005"}],"wp:attachment":[{"href":"https:\/\/www.toque-musicall.com\/index.php?rest_route=%2Fwp%2Fv2%2Fmedia&parent=849"}],"wp:term":[{"taxonomy":"category","embeddable":true,"href":"https:\/\/www.toque-musicall.com\/index.php?rest_route=%2Fwp%2Fv2%2Fcategories&post=849"},{"taxonomy":"post_tag","embeddable":true,"href":"https:\/\/www.toque-musicall.com\/index.php?rest_route=%2Fwp%2Fv2%2Ftags&post=849"}],"curies":[{"name":"wp","href":"https:\/\/api.w.org\/{rel}","templated":true}]}}