{"id":8493,"date":"2021-05-22T21:46:00","date_gmt":"2021-05-23T00:46:00","guid":{"rendered":"http:\/\/www.toque-musicall.com\/?p=8493"},"modified":"2021-06-04T21:49:51","modified_gmt":"2021-06-05T00:49:51","slug":"eliana-estevao-bailarina-1981","status":"publish","type":"post","link":"https:\/\/www.toque-musicall.com\/?p=8493","title":{"rendered":"Eliana Estev\u00e3o &#8211; Bailarina (1981)"},"content":{"rendered":"\n<figure class=\"wp-block-image size-large\"><img decoding=\"async\" src=\"https:\/\/1.bp.blogspot.com\/-O6WaaOthucY\/YKwqGYUxgzI\/AAAAAAAATuY\/qKZ_adkQjGg7Ey6BsbbxrQi-eF0I3NwzQCLcBGAsYHQ\/w640-h630\/Anota%25C3%25A7%25C3%25A3o%2B2021-05-24%2B193050.jpg\" alt=\"\"\/><\/figure>\n\n\n\n<figure class=\"wp-block-image size-large\"><img decoding=\"async\" src=\"https:\/\/1.bp.blogspot.com\/-7JmBoEaQvaw\/YKwqGQdDj2I\/AAAAAAAATuU\/Y5MP3XvgH_wJAbI5F1z46jod9nkuaxE9QCLcBGAsYHQ\/w630-h640\/Anota%25C3%25A7%25C3%25A3o%2B2021-05-24%2B193258.jpg\" alt=\"\"\/><\/figure>\n\n\n<div class=\"separator\">Boa noite a todos, amigos cultos e ocultos! Est\u00e3o vendo s\u00f3 como o Toque Musical \u00e9 cheio de surpresas? Agora, sa\u00edmos de rap e entramos em outra onda, numa esp\u00e9cie de movimento, tamb\u00e9m ocorrido em S\u00e3o Paulo, onde surgem uma nova leva de artistas com uma nova proposta, a chamada &#8220;Vanguarda Paulista&#8221;, na qual se destacam artistas como Arrigo Barnab\u00e9, Itamar Assump\u00e7\u00e3o, Banda Isca de Pol\u00edcia, Grupo Rumo, Premeditando o Breque e outros&#8230; \u00c9 nesta cena que tamb\u00e9m est\u00e1 a cantora Eliana Estev\u00e3o. Ali\u00e1s, que cantora! Uma das mais belas vozes e em um disco tamb\u00e9m sensacional, realmente de grande sensibilidade e beleza. Lan\u00e7ado em 1981, de maneira independente, o disco traz a participa\u00e7\u00e3o de v\u00e1rios artistas desse momento. Os arranjos s\u00e3o tamb\u00e9m de v\u00e1rias m\u00e3os, entre essas de Arrigo Barnab\u00e9 e Itamar Assump\u00e7\u00e3o. Eliana Estev\u00e3o \u00e9 tamb\u00e9m lembrada na vers\u00e3o em portugu\u00eas do desenho animado &#8220;O Rei Le\u00e3o&#8221;, da Disney, onde ela canta o tema &#8220;Ciclo sem fim&#8221;. Hoje, uma cantora com uma carreira internacional. Vale a pena ouvir e conhecer&#8230;<\/div>\n<div class=\"separator\">\u00a0<\/div>\n<div class=\"separator\">flor da nostalgia<\/div>\n<div class=\"separator\">estrelas em revista<\/div>\n<div class=\"separator\">bailarina<\/div>\n<div class=\"separator\">vai<\/div>\n<div class=\"separator\">amor de ver\u00e3o<\/div>\n<div class=\"separator\">com a perna no mundo<\/div>\n<div class=\"separator\">n\u00eago dito (beleleu)<\/div>\n<div class=\"separator\">profunda solid\u00e3o<\/div>\n<div class=\"separator\">ser\u00e1 que a nossa tribo est\u00e1 no fim<\/div>\n<div class=\"separator\">segredo<\/div>\n<div class=\"separator\">corre corre<\/div>\n<div class=\"separator\">\u00a0<\/div>\n<div class=\"separator\">\u00a0<\/div>\n<div class=\"separator\">.<\/div>","protected":false},"excerpt":{"rendered":"<p>Boa noite a todos, amigos cultos e ocultos! Est\u00e3o vendo s\u00f3 como o Toque Musical \u00e9 cheio de surpresas? Agora, sa\u00edmos de rap e entramos em outra onda, numa esp\u00e9cie de movimento, tamb\u00e9m ocorrido em S\u00e3o Paulo, onde surgem uma &hellip; <a href=\"https:\/\/www.toque-musicall.com\/?p=8493\">Continue lendo <span class=\"meta-nav\">&rarr;<\/span><\/a><\/p>\n","protected":false},"author":1,"featured_media":0,"comment_status":"closed","ping_status":"closed","sticky":false,"template":"","format":"standard","meta":{"footnotes":""},"categories":[4505,25],"tags":[4506,3017],"class_list":["post-8493","post","type-post","status-publish","format-standard","hentry","category-eliana-estevao","category-selo-independente","tag-eliana-estevao","tag-selo-independente"],"_links":{"self":[{"href":"https:\/\/www.toque-musicall.com\/index.php?rest_route=\/wp\/v2\/posts\/8493","targetHints":{"allow":["GET"]}}],"collection":[{"href":"https:\/\/www.toque-musicall.com\/index.php?rest_route=\/wp\/v2\/posts"}],"about":[{"href":"https:\/\/www.toque-musicall.com\/index.php?rest_route=\/wp\/v2\/types\/post"}],"author":[{"embeddable":true,"href":"https:\/\/www.toque-musicall.com\/index.php?rest_route=\/wp\/v2\/users\/1"}],"replies":[{"embeddable":true,"href":"https:\/\/www.toque-musicall.com\/index.php?rest_route=%2Fwp%2Fv2%2Fcomments&post=8493"}],"version-history":[{"count":1,"href":"https:\/\/www.toque-musicall.com\/index.php?rest_route=\/wp\/v2\/posts\/8493\/revisions"}],"predecessor-version":[{"id":8494,"href":"https:\/\/www.toque-musicall.com\/index.php?rest_route=\/wp\/v2\/posts\/8493\/revisions\/8494"}],"wp:attachment":[{"href":"https:\/\/www.toque-musicall.com\/index.php?rest_route=%2Fwp%2Fv2%2Fmedia&parent=8493"}],"wp:term":[{"taxonomy":"category","embeddable":true,"href":"https:\/\/www.toque-musicall.com\/index.php?rest_route=%2Fwp%2Fv2%2Fcategories&post=8493"},{"taxonomy":"post_tag","embeddable":true,"href":"https:\/\/www.toque-musicall.com\/index.php?rest_route=%2Fwp%2Fv2%2Ftags&post=8493"}],"curies":[{"name":"wp","href":"https:\/\/api.w.org\/{rel}","templated":true}]}}