{"id":8495,"date":"2021-05-23T21:50:00","date_gmt":"2021-05-24T00:50:00","guid":{"rendered":"http:\/\/www.toque-musicall.com\/?p=8495"},"modified":"2021-06-04T21:52:50","modified_gmt":"2021-06-05T00:52:50","slug":"suplemento-antecipado-novidades-em-long-plays-1967","status":"publish","type":"post","link":"https:\/\/www.toque-musicall.com\/?p=8495","title":{"rendered":"Suplemento Antecipado &#8211; Novidades Em Long-Plays (1967)"},"content":{"rendered":"\n<figure class=\"wp-block-image size-large\"><img decoding=\"async\" src=\"https:\/\/1.bp.blogspot.com\/-ji9NOOU-Bi4\/YKw7UmPz1QI\/AAAAAAAATuk\/lkl240DT_kc2FdheiQa_v3OpxBhra5wnACLcBGAsYHQ\/w640-h640\/Anota%25C3%25A7%25C3%25A3o%2B2021-05-24%2B204342.jpg\" alt=\"\"\/><\/figure>\n\n\n\n<figure class=\"wp-block-image size-large\"><img decoding=\"async\" src=\"https:\/\/1.bp.blogspot.com\/-xdO35h-TR1U\/YKw7Uu5kuGI\/AAAAAAAATuo\/yguMHgKsgnwpLDKoZgrXvs0oKOIUXQnywCLcBGAsYHQ\/w636-h640\/Anota%25C3%25A7%25C3%25A3o%2B2021-05-24%2B204428.jpg\" alt=\"\"\/><\/figure>\n\n\n\n<figure class=\"wp-block-image size-large\"><img decoding=\"async\" src=\"https:\/\/1.bp.blogspot.com\/-Eo1zZIjAZOQ\/YKw7UzjFJhI\/AAAAAAAATus\/vh02rQB9Al8tELpA_z8YCUl8SbWxPrkPQCLcBGAsYHQ\/w640-h318\/Anota%25C3%25A7%25C3%25A3o%2B2021-05-24%2B204503.jpg\" alt=\"\"\/><\/figure>\n\n\n<div class=\"separator\">Salve, salve&#8230; amigos cultos e ocultos! Olha s\u00f3 que disco bacana eu tenho aqui. Na verdade, trata-se de um \u00e1lbum duplo n\u00e3o comercial, lan\u00e7ado pela Odeon. Digamos que este \u00e9 um super cat\u00e1logo da gravadora que reuniu aqui nada mais, nada menos que uma amostra de seus vinte lan\u00e7amentos para o ano de 1967. Eis aqui um \u00e1lbum realmente curioso e interessante destinado como j\u00e1 informam na capa, aos revendedores de r\u00e1dio e televis\u00e3o, disc-jockeys e cronistas especializados. Como se pode ver aqui pelas imagens temos m\u00fasicas extra\u00eddas de discos de Agnaldo Tim\u00f3teo, Altemar Dutra, Wilson Simonal, Deny e Dino, Elza Soares e Miltinho, Geraldo Vandr\u00e9, Quarteto Novo, Eduardo Ara\u00fajo, Coro Odeon, Lyrio Panicali, Los Cubanacans, Ed Maciel, Meireles e Orquestra, Banda dos Coroas e ainda sobra espa\u00e7o para artistas internacionais como Franck Pourcel, Montavani, The Outsiders, Bobbie Gentry e The Beach Boys. N\u00e3o me recordo da Odeon ou outra gravadora fazer uma colet\u00e2nea promocional como esta. Est\u00e1 a\u00ed, mais um \u00e1lbum raro que muito colecionador corre atr\u00e1s. Vamos conferir no GTM&#8230;<\/div>\n<div class=\"separator\">\u00a0<\/div>\n<div class=\"separator\">quem ser\u00e1 &#8211; agnaldo tim\u00f3teo<\/div>\n<div class=\"separator\">eu sou aquele &#8211; agnaldo tim\u00f3teo<\/div>\n<div class=\"separator\">dedicat\u00f3ria &#8211; altemar dutra<\/div>\n<div class=\"separator\">minha ora\u00e7\u00e3o &#8211; altemar dutra<\/div>\n<div class=\"separator\">agora \u00e9 cinza &#8211; wilson simonal<\/div>\n<div class=\"separator\">vesti azul &#8211; wilson simonal<\/div>\n<div class=\"separator\">volta amanh\u00e3 &#8211; hebe camargo<\/div>\n<div class=\"separator\">frevo &#8211; hebe camargo<\/div>\n<div class=\"separator\">o ci\u00fame &#8211; deny e dino<\/div>\n<div class=\"separator\">pra ver voc\u00ea chorar &#8211; deny e dino<\/div>\n<div class=\"separator\">boogie woogie na favela &#8211; elza soares e miltinho<\/div>\n<div class=\"separator\">ventania &#8211; geraldo azevedo<\/div>\n<div class=\"separator\">o ovo &#8211; quarteto novo<\/div>\n<div class=\"separator\">alta tens\u00e3o &#8211; eduardo ara\u00fajo<\/div>\n<div class=\"separator\">combust\u00e3o lenta &#8211; eduardo ara\u00fajo<\/div>\n<div class=\"separator\">canta brasil &#8211; coro odeon<\/div>\n<div class=\"separator\">s\u00f3 vou gostar de quem gosta de mim &#8211; lyrio panicali<\/div>\n<div class=\"separator\">l&#8217;important c&#8217;est la rose &#8211; ed maciel<\/div>\n<div class=\"separator\">a little bit me a littel bit you &#8211; ed maciel<\/div>\n<div class=\"separator\">mas que nada &#8211; meirelles e sua orquestra<\/div>\n<div class=\"separator\">caderninho &#8211; banda dos coroas<\/div>\n<div class=\"separator\">this is my song &#8211; franck pourcel<\/div>\n<div class=\"separator\">the shadows of your smile &#8211; montavani<\/div>\n<div class=\"separator\">i&#8217;m not tryin to hurt you &#8211; the outsiders<\/div>\n<div class=\"separator\">ode to billie joe &#8211; bobbie gentry<\/div>\n<div class=\"separator\">\u00a0<\/div>\n<div class=\"separator\">\u00a0<\/div>\n<div class=\"separator\">.<\/div>","protected":false},"excerpt":{"rendered":"<p>Salve, salve&#8230; amigos cultos e ocultos! Olha s\u00f3 que disco bacana eu tenho aqui. Na verdade, trata-se de um \u00e1lbum duplo n\u00e3o comercial, lan\u00e7ado pela Odeon. Digamos que este \u00e9 um super cat\u00e1logo da gravadora que reuniu aqui nada mais, &hellip; <a href=\"https:\/\/www.toque-musicall.com\/?p=8495\">Continue lendo <span class=\"meta-nav\">&rarr;<\/span><\/a><\/p>\n","protected":false},"author":1,"featured_media":0,"comment_status":"closed","ping_status":"closed","sticky":false,"template":"","format":"standard","meta":{"footnotes":""},"categories":[86,4507],"tags":[3153,4508],"class_list":["post-8495","post","type-post","status-publish","format-standard","hentry","category-selo-odeon","category-suplemento-antecipado-odeon","tag-selo-odeon","tag-suplemento-antecipado-odeon"],"_links":{"self":[{"href":"https:\/\/www.toque-musicall.com\/index.php?rest_route=\/wp\/v2\/posts\/8495","targetHints":{"allow":["GET"]}}],"collection":[{"href":"https:\/\/www.toque-musicall.com\/index.php?rest_route=\/wp\/v2\/posts"}],"about":[{"href":"https:\/\/www.toque-musicall.com\/index.php?rest_route=\/wp\/v2\/types\/post"}],"author":[{"embeddable":true,"href":"https:\/\/www.toque-musicall.com\/index.php?rest_route=\/wp\/v2\/users\/1"}],"replies":[{"embeddable":true,"href":"https:\/\/www.toque-musicall.com\/index.php?rest_route=%2Fwp%2Fv2%2Fcomments&post=8495"}],"version-history":[{"count":1,"href":"https:\/\/www.toque-musicall.com\/index.php?rest_route=\/wp\/v2\/posts\/8495\/revisions"}],"predecessor-version":[{"id":8496,"href":"https:\/\/www.toque-musicall.com\/index.php?rest_route=\/wp\/v2\/posts\/8495\/revisions\/8496"}],"wp:attachment":[{"href":"https:\/\/www.toque-musicall.com\/index.php?rest_route=%2Fwp%2Fv2%2Fmedia&parent=8495"}],"wp:term":[{"taxonomy":"category","embeddable":true,"href":"https:\/\/www.toque-musicall.com\/index.php?rest_route=%2Fwp%2Fv2%2Fcategories&post=8495"},{"taxonomy":"post_tag","embeddable":true,"href":"https:\/\/www.toque-musicall.com\/index.php?rest_route=%2Fwp%2Fv2%2Ftags&post=8495"}],"curies":[{"name":"wp","href":"https:\/\/api.w.org\/{rel}","templated":true}]}}