{"id":8497,"date":"2021-05-24T09:52:00","date_gmt":"2021-05-24T12:52:00","guid":{"rendered":"http:\/\/www.toque-musicall.com\/?p=8497"},"modified":"2021-06-04T21:55:49","modified_gmt":"2021-06-05T00:55:49","slug":"trio-nago-1956","status":"publish","type":"post","link":"https:\/\/www.toque-musicall.com\/?p=8497","title":{"rendered":"Trio Nag\u00f4 (1956)"},"content":{"rendered":"\n<figure class=\"wp-block-image size-large\"><img decoding=\"async\" src=\"https:\/\/1.bp.blogspot.com\/-58z2KwabpKc\/YKxvKI8m5II\/AAAAAAAATvM\/B8CBWMYXywwWBokNacLFZtS0VvWlAUxuQCLcBGAsYHQ\/w640-h636\/Anota%25C3%25A7%25C3%25A3o%2B2021-05-25%2B002225.jpg\" alt=\"\"\/><\/figure>\n\n\n\n<figure class=\"wp-block-image size-large\"><img decoding=\"async\" src=\"https:\/\/1.bp.blogspot.com\/-9FwMzSlviOI\/YKxvKCmgfNI\/AAAAAAAATvI\/71J_fmZEOUohAbZBKZ1B-BNfZyc8OR8_gCLcBGAsYHQ\/w638-h640\/Anota%25C3%25A7%25C3%25A3o%2B2021-05-25%2B002409.jpg\" alt=\"\"\/><\/figure>\n\n\n<div class=\"separator\">Bom dia, amigos cultos e ocultos! Eis que pela primeira vez temos em nosso Toque Musical um disco do lend\u00e1rio Trio Nag\u00f4. Grupo vocal vindo do Cear\u00e1, formado por Evaldo Gouveia, M\u00e1rio Alves e Epaminondas de Souza. Foi um trio muito popular nos anos 50. Atuaram no eixo Rio-S\u00e3o Paulo e tamb\u00e9m excursionaram pela Am\u00e9rica Latina e Europa. Gravaram diversos discos de 78 rpm e tamb\u00e9m registraram em 12 polegadas. O Trio Nag\u00f4 durou at\u00e9 1961. Aqui temos deles um lp de 10 polegadas, lan\u00e7ado pelo selo R\u00e1dio, em 1956. Disquinho bacana, n\u00e3o apenas pelo trio, mas tamb\u00e9m pelo repert\u00f3rio, hoje, cl\u00e1ssico com oito temas do cancioneiro popular focados no nordeste. Ta\u00ed, um \u00e1lbum que n\u00e3o poderia faltar por aqui. Confiram no GTM&#8230;<\/div>\n<div class=\"separator\">\u00a0<\/div>\n<div class=\"separator\">tropeiro<\/div>\n<div class=\"separator\">meu pi\u00e3o<\/div>\n<div class=\"separator\">yaya da bahia<\/div>\n<div class=\"separator\">o vaqueiro<\/div>\n<div class=\"separator\">o jangadeiro<\/div>\n<div class=\"separator\">o gemedor<\/div>\n<div class=\"separator\">rabo de peixe<\/div>\n<div class=\"separator\">adeus de xique-xique<\/div>\n<div class=\"separator\">\u00a0<\/div>\n<p>\u00a0<\/p>","protected":false},"excerpt":{"rendered":"<p>Bom dia, amigos cultos e ocultos! Eis que pela primeira vez temos em nosso Toque Musical um disco do lend\u00e1rio Trio Nag\u00f4. Grupo vocal vindo do Cear\u00e1, formado por Evaldo Gouveia, M\u00e1rio Alves e Epaminondas de Souza. Foi um trio &hellip; <a href=\"https:\/\/www.toque-musicall.com\/?p=8497\">Continue lendo <span class=\"meta-nav\">&rarr;<\/span><\/a><\/p>\n","protected":false},"author":1,"featured_media":0,"comment_status":"closed","ping_status":"closed","sticky":false,"template":"","format":"standard","meta":{"footnotes":""},"categories":[221,1344],"tags":[3495,4509],"class_list":["post-8497","post","type-post","status-publish","format-standard","hentry","category-selo-radio","category-trio-nago","tag-selo-radio-3","tag-trio-nago"],"_links":{"self":[{"href":"https:\/\/www.toque-musicall.com\/index.php?rest_route=\/wp\/v2\/posts\/8497","targetHints":{"allow":["GET"]}}],"collection":[{"href":"https:\/\/www.toque-musicall.com\/index.php?rest_route=\/wp\/v2\/posts"}],"about":[{"href":"https:\/\/www.toque-musicall.com\/index.php?rest_route=\/wp\/v2\/types\/post"}],"author":[{"embeddable":true,"href":"https:\/\/www.toque-musicall.com\/index.php?rest_route=\/wp\/v2\/users\/1"}],"replies":[{"embeddable":true,"href":"https:\/\/www.toque-musicall.com\/index.php?rest_route=%2Fwp%2Fv2%2Fcomments&post=8497"}],"version-history":[{"count":1,"href":"https:\/\/www.toque-musicall.com\/index.php?rest_route=\/wp\/v2\/posts\/8497\/revisions"}],"predecessor-version":[{"id":8498,"href":"https:\/\/www.toque-musicall.com\/index.php?rest_route=\/wp\/v2\/posts\/8497\/revisions\/8498"}],"wp:attachment":[{"href":"https:\/\/www.toque-musicall.com\/index.php?rest_route=%2Fwp%2Fv2%2Fmedia&parent=8497"}],"wp:term":[{"taxonomy":"category","embeddable":true,"href":"https:\/\/www.toque-musicall.com\/index.php?rest_route=%2Fwp%2Fv2%2Fcategories&post=8497"},{"taxonomy":"post_tag","embeddable":true,"href":"https:\/\/www.toque-musicall.com\/index.php?rest_route=%2Fwp%2Fv2%2Ftags&post=8497"}],"curies":[{"name":"wp","href":"https:\/\/api.w.org\/{rel}","templated":true}]}}