{"id":8503,"date":"2021-05-27T22:01:00","date_gmt":"2021-05-28T01:01:00","guid":{"rendered":"http:\/\/www.toque-musicall.com\/?p=8503"},"modified":"2021-06-04T22:06:38","modified_gmt":"2021-06-05T01:06:38","slug":"orestes-barbosa-1962","status":"publish","type":"post","link":"https:\/\/www.toque-musicall.com\/?p=8503","title":{"rendered":"Orestes Barbosa (1962)"},"content":{"rendered":"\n<figure class=\"wp-block-image size-large\"><img decoding=\"async\" src=\"https:\/\/1.bp.blogspot.com\/-mlxNctuVqs8\/YLbO9YgIE0I\/AAAAAAAATv8\/lHv7rYl3QF4j768Y7DIMwxKuucRrZoStACLcBGAsYHQ\/w638-h640\/Anota%25C3%25A7%25C3%25A3o%2B2021-06-01%2B210647.jpg\" alt=\"\"\/><\/figure>\n\n\n\n<figure class=\"wp-block-image size-large\"><img decoding=\"async\" src=\"https:\/\/1.bp.blogspot.com\/-DMZcQP9XJlc\/YLbO9YcrQ8I\/AAAAAAAATv4\/1HKgbWsfAFEC1Nt-ytaATms2et0x58Q2QCLcBGAsYHQ\/w640-h638\/Anota%25C3%25A7%25C3%25A3o%2B2021-06-01%2B210729.jpg\" alt=\"\"\/><\/figure>\n\n\n<div class=\"separator\">Boa noite, car\u00edssimos amigos cultos e ocultos! No vai em vem de valsas, achei aqui um disco que a muitos ir\u00e1 agradar. Como se pode ver, nesta postagem temos um disco dedicado ao grande compositor, poeta, cronista e jornalista brasileiro, Orestes Barbosa. Este lp lan\u00e7ado pelo selo Som, em 1962, nos traz uma sele\u00e7\u00e3o de doze de algumas das mais importantes obras deste compositor, onde encontramos suas parceiras com Silvio Caldas, Francisco Alves e Newton Teixeira. Para tanto, a Continental, atrav\u00e9s de seu selo Som Hi-Fi, lan\u00e7ou m\u00e3o de alguns dos artistas de seu &#8216;cast&#8217;, da \u00e9poca. Assim temos Roberto Silva, Luiz Roberto, Gilberto Alves, Ted Moreno, Jorge Roberto, Jo\u00e3o Dias, Elizete Cardoso e Wilson Ferreira. Sem d\u00favida, um disco imperd\u00edvel que n\u00e3o poder\u00e1 faltar na sua cole\u00e7\u00e3o de mp3 \ud83d\ude42 Quer conferir?<\/div>\n<div class=\"separator\">\u00a0<\/div>\n<div class=\"separator\">serenata &#8211; roberto silva<\/div>\n<div class=\"separator\">o vestido de l\u00e1grimas- luiz roberto<\/div>\n<div class=\"separator\">tens raz\u00e3o &#8211; gilberto alves<\/div>\n<div class=\"separator\">o nome dela n\u00e3o digo &#8211; ted moreno<\/div>\n<div class=\"separator\">a mulher que ficou na ta\u00e7a &#8211; jorge roberto<\/div>\n<div class=\"separator\">por teu amor &#8211; jo\u00e3o dias<\/div>\n<div class=\"separator\">ch\u00e3o de estrelas &#8211; elizete cardoso<\/div>\n<div class=\"separator\">arranha-c\u00e9u &#8211; roberto silva<\/div>\n<div class=\"separator\">suburbana &#8211; jorge roberto<\/div>\n<div class=\"separator\">quase que eu disse &#8211; wilson ferreira<\/div>\n<div class=\"separator\">meu companheiro &#8211; luiz roberto<\/div>\n<div class=\"separator\">solu\u00e7os &#8211; ted moreno<\/div>\n<div class=\"separator\">\u00a0<\/div>\n<div class=\"separator\">\u00a0<\/div>\n<div class=\"separator\">.<\/div>","protected":false},"excerpt":{"rendered":"<p>Boa noite, car\u00edssimos amigos cultos e ocultos! No vai em vem de valsas, achei aqui um disco que a muitos ir\u00e1 agradar. Como se pode ver, nesta postagem temos um disco dedicado ao grande compositor, poeta, cronista e jornalista brasileiro, &hellip; <a href=\"https:\/\/www.toque-musicall.com\/?p=8503\">Continue lendo <span class=\"meta-nav\">&rarr;<\/span><\/a><\/p>\n","protected":false},"author":1,"featured_media":0,"comment_status":"closed","ping_status":"closed","sticky":false,"template":"","format":"standard","meta":{"footnotes":""},"categories":[247,267,1459,3695,979,1355,262,156,1357,910],"tags":[3563,4516,4514,4518,4517,4513,3968,3316,4515,4519],"class_list":["post-8503","post","type-post","status-publish","format-standard","hentry","category-elizete-cardoso","category-gilberto-alves","category-joao-dias","category-jose-roberto","category-luiz-roberto","category-orestes-barbosa","category-roberto-silva","category-selo-som","category-ted-moreno","category-wilson-ferreira","tag-elizete-cardoso","tag-gilberto-alves","tag-joao-dias","tag-jorge-roberto","tag-luiz-roberto","tag-orestes-barbosa","tag-roberto-silva","tag-selo-som","tag-ted-moreno","tag-wilson-ferreira"],"_links":{"self":[{"href":"https:\/\/www.toque-musicall.com\/index.php?rest_route=\/wp\/v2\/posts\/8503","targetHints":{"allow":["GET"]}}],"collection":[{"href":"https:\/\/www.toque-musicall.com\/index.php?rest_route=\/wp\/v2\/posts"}],"about":[{"href":"https:\/\/www.toque-musicall.com\/index.php?rest_route=\/wp\/v2\/types\/post"}],"author":[{"embeddable":true,"href":"https:\/\/www.toque-musicall.com\/index.php?rest_route=\/wp\/v2\/users\/1"}],"replies":[{"embeddable":true,"href":"https:\/\/www.toque-musicall.com\/index.php?rest_route=%2Fwp%2Fv2%2Fcomments&post=8503"}],"version-history":[{"count":1,"href":"https:\/\/www.toque-musicall.com\/index.php?rest_route=\/wp\/v2\/posts\/8503\/revisions"}],"predecessor-version":[{"id":8504,"href":"https:\/\/www.toque-musicall.com\/index.php?rest_route=\/wp\/v2\/posts\/8503\/revisions\/8504"}],"wp:attachment":[{"href":"https:\/\/www.toque-musicall.com\/index.php?rest_route=%2Fwp%2Fv2%2Fmedia&parent=8503"}],"wp:term":[{"taxonomy":"category","embeddable":true,"href":"https:\/\/www.toque-musicall.com\/index.php?rest_route=%2Fwp%2Fv2%2Fcategories&post=8503"},{"taxonomy":"post_tag","embeddable":true,"href":"https:\/\/www.toque-musicall.com\/index.php?rest_route=%2Fwp%2Fv2%2Ftags&post=8503"}],"curies":[{"name":"wp","href":"https:\/\/api.w.org\/{rel}","templated":true}]}}