{"id":8507,"date":"2021-05-29T10:10:00","date_gmt":"2021-05-29T13:10:00","guid":{"rendered":"http:\/\/www.toque-musicall.com\/?p=8507"},"modified":"2021-06-04T22:57:30","modified_gmt":"2021-06-05T01:57:30","slug":"celso-murilo-disco-de-ouro-1964","status":"publish","type":"post","link":"https:\/\/www.toque-musicall.com\/?p=8507","title":{"rendered":"Celso Murilo &#8211; Disco De Ouro (1964)"},"content":{"rendered":"\n<figure class=\"wp-block-image size-large\"><img decoding=\"async\" src=\"https:\/\/1.bp.blogspot.com\/-CbfHuxAUfQs\/YLeKLX-vOoI\/AAAAAAAATwo\/hTgiTf35SJ8Yz92I0z1FggafQ4Sxuc__gCLcBGAsYHQ\/w634-h640\/Anota%25C3%25A7%25C3%25A3o%2B2021-06-02%2B101940.jpg\" alt=\"\"\/><\/figure>\n\n\n\n<figure class=\"wp-block-image size-large\"><img decoding=\"async\" src=\"https:\/\/1.bp.blogspot.com\/-CliMdVs5Rkw\/YLeKLW7RUGI\/AAAAAAAATws\/fIy_dxQzJP0MjBXDkVyIpQv6UBZSeYU7QCLcBGAsYHQ\/w638-h640\/Anota%25C3%25A7%25C3%25A3o%2B2021-06-02%2B102022.jpg\" alt=\"\"\/><\/figure>\n\n\n<div class=\"separator\">Bom dia a todos os amigos cultos e ocultos! Uma coisa que at\u00e9 hoje eu n\u00e3o entendi e n\u00e3o encontrei qualquer informa\u00e7\u00e3o a respeito \u00e9 sobre o organista e pianista mineiro Celso Murilo. A isso me refiro a sua discografia. Sabemos que ele gravou seus primeiros discos no in\u00edcio dos anos 60 e boa parte de suas grava\u00e7\u00f5es foram para selos pequenos como Drink e Pawal. H\u00e1 tamb\u00e9m registros em outros selos como Paladium, Coledisc e provavelmente em outros ainda mais obscuros e nos quais criaram para ele at\u00e9 um outro nome, ou um pseud\u00f4nimo. Curiosamente, ele tamb\u00e9m aparece no selo RCA Victor e posteriormente iria para a Odeon. Aqui temos um desses discos onde surge a confus\u00e3o. O \u00e1lbum &#8220;Disco de Ouro&#8221;, lan\u00e7ado pela Pawal, tamb\u00e9m foi lan\u00e7ado pela RCA Victor. E ao que tudo indica, este lp, originalmente, saiu pela RCA e s\u00f3 depois veio a ser publicado pela Pawal. Isso se percebe pela capa original aproveitada pela Pawal que na cara dura n\u00e3o se deu nem ao trabalho de excluir a logomarca da multinacional, Da\u00ed, talvez a raz\u00e3o pela qual todos os discos dessa &#8216;montagem&#8217; aparecem com adesivos colados na capa e tamb\u00e9m nos selos do vinil. Certamente essa produ\u00e7\u00e3o foi barrada quando j\u00e1 estava na boca do com\u00e9rcio, assim, a maneira que encontraram para anul\u00e1-lo foi essa. O pior \u00e9 que os adesivos que colaram nos selos comprometem tamb\u00e9m a trilha nos sulcos das \u00faltimas faixas, uma pena&#8230; Mesmo assim, procurei limpar ao m\u00e1ximo para n\u00e3o afetar a audi\u00e7\u00e3o. Entendo que este disco seja uma colet\u00e2nea, ou ent\u00e3o que algumas dessas grava\u00e7\u00f5es vieram a entrar em outros lps do Celso Murilo. Vai entender&#8230;?\u00a0<\/div>\n<div class=\"separator\">Certo \u00e9 que temos aqui um grande disco, com um super repert\u00f3rio e um estilo inconfund\u00edvel desse artista que a partir dos anos 70 foi sumindo da pra\u00e7a. Felizmente, um pouco da sua m\u00fasica foi resgatada em cd, em um box da editora Discobertas. Mas tamb\u00e9m para nossa sorte, muitos desses discos ainda podem ser encontrados a venda em sebos e no Mercado Livre. Dif\u00edcil \u00e9 achar um em bom estado. Enfim, melhor conhecer pelo Toque Musical. Confiram no GTM&#8230;<\/div>\n<div class=\"separator\">\u00a0<\/div>\n<div class=\"separator\">samba triste<\/div>\n<div class=\"separator\">quem manda na minha vida<\/div>\n<div class=\"separator\">chorou chorou<\/div>\n<div class=\"separator\">rosa morena<\/div>\n<div class=\"separator\">volta<\/div>\n<div class=\"separator\">boato<\/div>\n<div class=\"separator\">corcovado<\/div>\n<div class=\"separator\">zel\u00e3o<\/div>\n<div class=\"separator\">teleco teco n\u00ba1<\/div>\n<div class=\"separator\">chora tua tristeza<\/div>\n<div class=\"separator\">se voc\u00ea disser que sim<\/div>\n<div class=\"separator\">poema do adeus<\/div>\n<div class=\"separator\">\u00a0<\/div>\n<div class=\"separator\">\u00a0<\/div>\n<div class=\"separator\">.<\/div>","protected":false},"excerpt":{"rendered":"<p>Bom dia a todos os amigos cultos e ocultos! Uma coisa que at\u00e9 hoje eu n\u00e3o entendi e n\u00e3o encontrei qualquer informa\u00e7\u00e3o a respeito \u00e9 sobre o organista e pianista mineiro Celso Murilo. A isso me refiro a sua discografia. &hellip; <a href=\"https:\/\/www.toque-musicall.com\/?p=8507\">Continue lendo <span class=\"meta-nav\">&rarr;<\/span><\/a><\/p>\n","protected":false},"author":1,"featured_media":0,"comment_status":"closed","ping_status":"closed","sticky":false,"template":"","format":"standard","meta":{"footnotes":""},"categories":[1152,1991,70],"tags":[4525,3608,3061],"class_list":["post-8507","post","type-post","status-publish","format-standard","hentry","category-celso-murilo","category-selo-pawal","category-selo-rca-victor","tag-celso-murilo","tag-selo-pawal","tag-selo-rca-victor"],"_links":{"self":[{"href":"https:\/\/www.toque-musicall.com\/index.php?rest_route=\/wp\/v2\/posts\/8507","targetHints":{"allow":["GET"]}}],"collection":[{"href":"https:\/\/www.toque-musicall.com\/index.php?rest_route=\/wp\/v2\/posts"}],"about":[{"href":"https:\/\/www.toque-musicall.com\/index.php?rest_route=\/wp\/v2\/types\/post"}],"author":[{"embeddable":true,"href":"https:\/\/www.toque-musicall.com\/index.php?rest_route=\/wp\/v2\/users\/1"}],"replies":[{"embeddable":true,"href":"https:\/\/www.toque-musicall.com\/index.php?rest_route=%2Fwp%2Fv2%2Fcomments&post=8507"}],"version-history":[{"count":1,"href":"https:\/\/www.toque-musicall.com\/index.php?rest_route=\/wp\/v2\/posts\/8507\/revisions"}],"predecessor-version":[{"id":8508,"href":"https:\/\/www.toque-musicall.com\/index.php?rest_route=\/wp\/v2\/posts\/8507\/revisions\/8508"}],"wp:attachment":[{"href":"https:\/\/www.toque-musicall.com\/index.php?rest_route=%2Fwp%2Fv2%2Fmedia&parent=8507"}],"wp:term":[{"taxonomy":"category","embeddable":true,"href":"https:\/\/www.toque-musicall.com\/index.php?rest_route=%2Fwp%2Fv2%2Fcategories&post=8507"},{"taxonomy":"post_tag","embeddable":true,"href":"https:\/\/www.toque-musicall.com\/index.php?rest_route=%2Fwp%2Fv2%2Ftags&post=8507"}],"curies":[{"name":"wp","href":"https:\/\/api.w.org\/{rel}","templated":true}]}}