{"id":8511,"date":"2021-05-31T01:51:00","date_gmt":"2021-05-31T04:51:00","guid":{"rendered":"http:\/\/www.toque-musicall.com\/?p=8511"},"modified":"2021-06-08T01:39:08","modified_gmt":"2021-06-08T04:39:08","slug":"8511","status":"publish","type":"post","link":"https:\/\/www.toque-musicall.com\/?p=8511","title":{"rendered":"Um Adeus Ao Samuca"},"content":{"rendered":"\n<figure class=\"wp-block-image size-large\"><img decoding=\"async\" src=\"https:\/\/1.bp.blogspot.com\/-ChXePh7f1l8\/YLrw_Wb-9iI\/AAAAAAAATxQ\/sUdjWSgczDEduUGtCxpMXRi_ChxRTJ19ACLcBGAsYHQ\/w550-h640\/1441.jpg\" alt=\"\"\/><\/figure>\n\n\n<div class=\"separator\">A postagem de hoje \u00e9 para dedicar um momento, ou ainda, prestar uma homenagem ao nosso companheiro, amigo culto e oculto, nosso colaborador resenhista, Samuel Machado Filho, o Samuca que infelizmente partiu para ouvir m\u00fasica no c\u00e9u. Infelizmente, perdemos o nosso amigo para o covid :(. Mais um entre tantos brasileiros vitimados pela irresponsabilidade desse governo canalha, dessa pol\u00edtica genocida de um monstro e seus asseclas. Juro, n\u00e3o tenho mais como ficar indignado, triste e pesaroso. O Samuca foi um bom companheiro, tivemos uma rela\u00e7\u00e3o de amizade por quase dez anos e curiosamente, nunca nos encontramos pessoalmente. Mais um que vai fazer muita falta entre n\u00f3s. Aqui, ent\u00e3o, com certeza, pois seus textos sempre foram feitos de forma detalhada e de uma maneira que abrilhantava e cativava nosso p\u00fablico.&nbsp;<\/div>\n<div class=\"separator\">\n<div class=\"separator\">\u00c9 lament\u00e1vel tudo isso e n\u00e3o \u00e9 de agora que tenho vivido momentos t\u00e3o ruins com a perda de amigos queridos. Voc\u00eas n\u00e3o fazem ideia de quantas hist\u00f3rias tristes tem passado por aqui. Quem me v\u00ea postando discos deve pensar que estou no para\u00edso. Sim, \u00e9 um para\u00edso no qual eu me escondo para fugir da tristeza e indigna\u00e7\u00e3o, para procurar me distrair e distrair quem est\u00e1 assim como eu. Nesses \u00faltimos tr\u00eas meses perdi alguns bons amigos e outros, mais triste ainda, perderam toda fam\u00edlia, perderam seus pais, seus irm\u00e3os e mais, perderam seus amores, seus maiores tesouros&#8230; Confesso que chorei. confesso que estou ainda chorando&#8230; E de tudo, o que resta \u00e9 uma dor, um pesar que somente o tempo poder\u00e1 aplacar. Tenho muito pesar por aqueles que se foram e talvez mais ainda por aqueles que sofrem a perda do seu grande amor. Isso n\u00e3o \u00e9 justo&#8230; (mas eu rezo por todos)<\/div>\n<\/div>\n<p>&nbsp;<\/p>","protected":false},"excerpt":{"rendered":"<p>A postagem de hoje \u00e9 para dedicar um momento, ou ainda, prestar uma homenagem ao nosso companheiro, amigo culto e oculto, nosso colaborador resenhista, Samuel Machado Filho, o Samuca que infelizmente partiu para ouvir m\u00fasica no c\u00e9u. Infelizmente, perdemos o &hellip; <a href=\"https:\/\/www.toque-musicall.com\/?p=8511\">Continue lendo <span class=\"meta-nav\">&rarr;<\/span><\/a><\/p>\n","protected":false},"author":1,"featured_media":0,"comment_status":"closed","ping_status":"closed","sticky":false,"template":"","format":"standard","meta":{"footnotes":""},"categories":[658],"tags":[3134],"class_list":["post-8511","post","type-post","status-publish","format-standard","hentry","category-extras","tag-extras"],"_links":{"self":[{"href":"https:\/\/www.toque-musicall.com\/index.php?rest_route=\/wp\/v2\/posts\/8511","targetHints":{"allow":["GET"]}}],"collection":[{"href":"https:\/\/www.toque-musicall.com\/index.php?rest_route=\/wp\/v2\/posts"}],"about":[{"href":"https:\/\/www.toque-musicall.com\/index.php?rest_route=\/wp\/v2\/types\/post"}],"author":[{"embeddable":true,"href":"https:\/\/www.toque-musicall.com\/index.php?rest_route=\/wp\/v2\/users\/1"}],"replies":[{"embeddable":true,"href":"https:\/\/www.toque-musicall.com\/index.php?rest_route=%2Fwp%2Fv2%2Fcomments&post=8511"}],"version-history":[{"count":2,"href":"https:\/\/www.toque-musicall.com\/index.php?rest_route=\/wp\/v2\/posts\/8511\/revisions"}],"predecessor-version":[{"id":8529,"href":"https:\/\/www.toque-musicall.com\/index.php?rest_route=\/wp\/v2\/posts\/8511\/revisions\/8529"}],"wp:attachment":[{"href":"https:\/\/www.toque-musicall.com\/index.php?rest_route=%2Fwp%2Fv2%2Fmedia&parent=8511"}],"wp:term":[{"taxonomy":"category","embeddable":true,"href":"https:\/\/www.toque-musicall.com\/index.php?rest_route=%2Fwp%2Fv2%2Fcategories&post=8511"},{"taxonomy":"post_tag","embeddable":true,"href":"https:\/\/www.toque-musicall.com\/index.php?rest_route=%2Fwp%2Fv2%2Ftags&post=8511"}],"curies":[{"name":"wp","href":"https:\/\/api.w.org\/{rel}","templated":true}]}}