{"id":8516,"date":"2021-06-01T09:32:00","date_gmt":"2021-06-01T12:32:00","guid":{"rendered":"http:\/\/www.toque-musicall.com\/?p=8516"},"modified":"2021-06-06T09:36:15","modified_gmt":"2021-06-06T12:36:15","slug":"the-pops-7o-aniversario-1971","status":"publish","type":"post","link":"https:\/\/www.toque-musicall.com\/?p=8516","title":{"rendered":"The Pop&#8217;s &#8211; 7\u00ba Anivers\u00e1rio (1971)"},"content":{"rendered":"\n<figure class=\"wp-block-image size-large\"><img decoding=\"async\" src=\"https:\/\/1.bp.blogspot.com\/-X0tC6mzeNds\/YLbZSIqgnMI\/AAAAAAAATwI\/YKo7L9Ih2FUKQFKJvBKnnf17koWoVYuCACLcBGAsYHQ\/w640-h636\/Anota%25C3%25A7%25C3%25A3o%2B2021-06-01%2B215713.jpg\" alt=\"\"\/><\/figure>\n\n\n\n<figure class=\"wp-block-image size-large\"><img decoding=\"async\" src=\"https:\/\/1.bp.blogspot.com\/-AE5SD-byfus\/YLbZSIATgWI\/AAAAAAAATwM\/lvr5LUgoWnAS1XFIRpxrk_7vlBRlpsJ-ACLcBGAsYHQ\/w640-h636\/Anota%25C3%25A7%25C3%25A3o%2B2021-06-01%2B215747.jpg\" alt=\"\"\/><\/figure>\n\n\n<div class=\"separator\">Salve, amigos cultos e ocultos!\u00a0 Aqui vai mais um disco do grupo The Pop&#8217;s, lp que corresponde ao s\u00e9timo disco lan\u00e7ado por eles, em 1971 pelo selo Equipe. J\u00e1 postamos aqui alguns outros discos desse grupo de m\u00fasica pop instrumental. Muitos consideram o The Pop&#8217;s como um grupo de rock instrumental, mas se formos analisar tudo o que eles gravaram estariam mais para um samba el\u00e9trico, para um pop jovem guarda, que foi o que realmente os caracterizaram. O The Pop&#8217;s, atrav\u00e9s do Silvio Parada resistiu at\u00e9 o in\u00edcio dos anos 2000. Passou por v\u00e1rias transforma\u00e7\u00f5es gravando diferentes ritmos, sempre ao estilo &#8216;conjunto de beira de piscina&#8217;, como se dizia antigamente. O \u00faltimo lp foi em 1976, mas certamente muita coisa saiu em cd e por certo o grupo chegou a lan\u00e7ar nesse formato, mas a fase boa \u00e9 mesmo a do vinil. Confiram no GTM&#8230;<\/div>\n<div class=\"separator\">\u00a0<\/div>\n<div class=\"separator\">menina da ladeira<\/div>\n<div class=\"separator\">sonho de amor<\/div>\n<div class=\"separator\">meu pequeno cachoeiro<\/div>\n<div class=\"separator\">ave maria<\/div>\n<div class=\"separator\">evoca\u00e7\u00e3o n\u00ba1<\/div>\n<div class=\"separator\">shirley sexy<\/div>\n<div class=\"separator\">ana<\/div>\n<div class=\"separator\">falando ao cora\u00e7\u00e3o<\/div>\n<div class=\"separator\">paix\u00e3o de um homem<\/div>\n<div class=\"separator\">pot pourri carnaval<\/div>\n<div class=\"separator\">\u00a0<\/div>\n<div class=\"separator\">\u00a0<\/div>\n<div class=\"separator\">.<\/div>\n<div class=\"separator\">\u00a0<\/div>","protected":false},"excerpt":{"rendered":"<p>Salve, amigos cultos e ocultos!\u00a0 Aqui vai mais um disco do grupo The Pop&#8217;s, lp que corresponde ao s\u00e9timo disco lan\u00e7ado por eles, em 1971 pelo selo Equipe. J\u00e1 postamos aqui alguns outros discos desse grupo de m\u00fasica pop instrumental. &hellip; <a href=\"https:\/\/www.toque-musicall.com\/?p=8516\">Continue lendo <span class=\"meta-nav\">&rarr;<\/span><\/a><\/p>\n","protected":false},"author":1,"featured_media":0,"comment_status":"closed","ping_status":"closed","sticky":false,"template":"","format":"standard","meta":{"footnotes":""},"categories":[275,381],"tags":[3101,4526],"class_list":["post-8516","post","type-post","status-publish","format-standard","hentry","category-selo-equipe","category-the-pops","tag-selo-equipe","tag-the-pops"],"_links":{"self":[{"href":"https:\/\/www.toque-musicall.com\/index.php?rest_route=\/wp\/v2\/posts\/8516","targetHints":{"allow":["GET"]}}],"collection":[{"href":"https:\/\/www.toque-musicall.com\/index.php?rest_route=\/wp\/v2\/posts"}],"about":[{"href":"https:\/\/www.toque-musicall.com\/index.php?rest_route=\/wp\/v2\/types\/post"}],"author":[{"embeddable":true,"href":"https:\/\/www.toque-musicall.com\/index.php?rest_route=\/wp\/v2\/users\/1"}],"replies":[{"embeddable":true,"href":"https:\/\/www.toque-musicall.com\/index.php?rest_route=%2Fwp%2Fv2%2Fcomments&post=8516"}],"version-history":[{"count":1,"href":"https:\/\/www.toque-musicall.com\/index.php?rest_route=\/wp\/v2\/posts\/8516\/revisions"}],"predecessor-version":[{"id":8517,"href":"https:\/\/www.toque-musicall.com\/index.php?rest_route=\/wp\/v2\/posts\/8516\/revisions\/8517"}],"wp:attachment":[{"href":"https:\/\/www.toque-musicall.com\/index.php?rest_route=%2Fwp%2Fv2%2Fmedia&parent=8516"}],"wp:term":[{"taxonomy":"category","embeddable":true,"href":"https:\/\/www.toque-musicall.com\/index.php?rest_route=%2Fwp%2Fv2%2Fcategories&post=8516"},{"taxonomy":"post_tag","embeddable":true,"href":"https:\/\/www.toque-musicall.com\/index.php?rest_route=%2Fwp%2Fv2%2Ftags&post=8516"}],"curies":[{"name":"wp","href":"https:\/\/api.w.org\/{rel}","templated":true}]}}