{"id":8518,"date":"2021-06-02T16:19:00","date_gmt":"2021-06-02T19:19:00","guid":{"rendered":"http:\/\/www.toque-musicall.com\/?p=8518"},"modified":"2021-06-06T20:08:03","modified_gmt":"2021-06-06T23:08:03","slug":"osvaldinho-da-cuica-e-grupo-vai-vai-vamos-sambar-1974","status":"publish","type":"post","link":"https:\/\/www.toque-musicall.com\/?p=8518","title":{"rendered":"Osvaldinho Da Cuica E Grupo Vai Vai &#8211; Vamos Sambar (1974)"},"content":{"rendered":"\n<figure class=\"wp-block-image size-large\"><img decoding=\"async\" src=\"https:\/\/1.bp.blogspot.com\/-zXT-IXUzeOE\/YL0knpkt6fI\/AAAAAAAATxk\/yeWdgoa3Gu4tXaM4u54nu2uwjhRsCgAxACLcBGAsYHQ\/w640-h638\/Captura%2Bde%2Btela%2B2021-06-06%2B162852.jpg\" alt=\"\"\/><\/figure>\n\n\n\n<figure class=\"wp-block-image size-large\"><img decoding=\"async\" src=\"https:\/\/1.bp.blogspot.com\/-Xwr6UcUm7Bg\/YL0kngDxzzI\/AAAAAAAATxg\/gKZxVgBLJh4eecSXPi4IY-DK7fX5QBPuACLcBGAsYHQ\/w640-h632\/Captura%2Bde%2Btela%2B2021-06-06%2B163911.jpg\" alt=\"\"\/><\/figure>\n\n\n<div class=\"separator\">Boa tarde, amigos cultos e ocultos! Para quem ainda n\u00e3o se ligou na parada, estamos com problemas, com este nosso site. Parece que fomos invadidos por algum tipo de hacker. E se foi, n\u00e3o sei bem o motivo, talvez apenas o velho &#8216;esp\u00edrito de porco&#8217;. Vai saber&#8230;? Mas, enfim, caso este site saia do ar, procure pela vers\u00e3o blogspot, que na verdade \u00e9 tamb\u00e9m a nossa galeria de postagens \ud83d\ude42<\/div>\n<div class=\"separator\">Bom, dando sequencia a nossa miss\u00e3o, enquanto for poss\u00edvel, temos para hoje mais um disco do importante selo Discos Marcus Pereira. Aqui um lp lan\u00e7ado em 1974 apresentando ao grande p\u00fablico o genial ritmista Osvaldinho da Cu\u00edca, acompanhado pelo grupo Vai Vai. Este foi o primeiro disco gravado por ele. Um lp de samba que realmente d\u00e1 gosto. E Osvaldinho mostra que \u00e9 mesmo um mestre chegando a tirar notas, a tocar com a cu\u00edca, algo realmente espetacular. E ainda dizem que em S\u00e3o Paulo n\u00e3o tem samba. O samba est\u00e1 onde tem um sambista&#8230; Disco bacan\u00e9rrimo! N\u00e3o deixem de conferir&#8230;<\/div>\n<div class=\"separator\">\u00a0<\/div>\n<div class=\"separator\">vai vai\u00a0<\/div>\n<div class=\"separator\">moro na ro\u00e7a<\/div>\n<div class=\"separator\">tudo se transformou<\/div>\n<div class=\"separator\">t\u00e1 assim de mulher e t\u00e1 chegando mais<\/div>\n<div class=\"separator\">cozinha<\/div>\n<div class=\"separator\">que beleza<\/div>\n<div class=\"separator\">exalta\u00e7\u00e3o ao salgueiro<\/div>\n<div class=\"separator\">vendaval<\/div>\n<div class=\"separator\">risoleta<\/div>\n<div class=\"separator\">festa dos deuses afro-brasileiros<\/div>\n<div class=\"separator\">partido alto na cozinha<\/div>\n<div class=\"separator\">\u00a0<\/div>","protected":false},"excerpt":{"rendered":"<p>Boa tarde, amigos cultos e ocultos! Para quem ainda n\u00e3o se ligou na parada, estamos com problemas, com este nosso site. Parece que fomos invadidos por algum tipo de hacker. E se foi, n\u00e3o sei bem o motivo, talvez apenas &hellip; <a href=\"https:\/\/www.toque-musicall.com\/?p=8518\">Continue lendo <span class=\"meta-nav\">&rarr;<\/span><\/a><\/p>\n","protected":false},"author":1,"featured_media":0,"comment_status":"closed","ping_status":"closed","sticky":false,"template":"","format":"standard","meta":{"footnotes":""},"categories":[1072,130],"tags":[4527,3794],"class_list":["post-8518","post","type-post","status-publish","format-standard","hentry","category-osvaldinho-da-cuica","category-selo-marcus-pereira","tag-osvaldinho-da-cuica","tag-selo-marcus-pereira"],"_links":{"self":[{"href":"https:\/\/www.toque-musicall.com\/index.php?rest_route=\/wp\/v2\/posts\/8518","targetHints":{"allow":["GET"]}}],"collection":[{"href":"https:\/\/www.toque-musicall.com\/index.php?rest_route=\/wp\/v2\/posts"}],"about":[{"href":"https:\/\/www.toque-musicall.com\/index.php?rest_route=\/wp\/v2\/types\/post"}],"author":[{"embeddable":true,"href":"https:\/\/www.toque-musicall.com\/index.php?rest_route=\/wp\/v2\/users\/1"}],"replies":[{"embeddable":true,"href":"https:\/\/www.toque-musicall.com\/index.php?rest_route=%2Fwp%2Fv2%2Fcomments&post=8518"}],"version-history":[{"count":1,"href":"https:\/\/www.toque-musicall.com\/index.php?rest_route=\/wp\/v2\/posts\/8518\/revisions"}],"predecessor-version":[{"id":8519,"href":"https:\/\/www.toque-musicall.com\/index.php?rest_route=\/wp\/v2\/posts\/8518\/revisions\/8519"}],"wp:attachment":[{"href":"https:\/\/www.toque-musicall.com\/index.php?rest_route=%2Fwp%2Fv2%2Fmedia&parent=8518"}],"wp:term":[{"taxonomy":"category","embeddable":true,"href":"https:\/\/www.toque-musicall.com\/index.php?rest_route=%2Fwp%2Fv2%2Fcategories&post=8518"},{"taxonomy":"post_tag","embeddable":true,"href":"https:\/\/www.toque-musicall.com\/index.php?rest_route=%2Fwp%2Fv2%2Ftags&post=8518"}],"curies":[{"name":"wp","href":"https:\/\/api.w.org\/{rel}","templated":true}]}}