{"id":8523,"date":"2021-06-04T10:41:00","date_gmt":"2021-06-04T13:41:00","guid":{"rendered":"https:\/\/www.toque-musicall.com\/?p=8523"},"modified":"2021-06-07T10:44:28","modified_gmt":"2021-06-07T13:44:28","slug":"solistas-em-hi-fi-1959","status":"publish","type":"post","link":"https:\/\/www.toque-musicall.com\/?p=8523","title":{"rendered":"Solistas Em Hi-Fi (1959)"},"content":{"rendered":"\n<figure class=\"wp-block-image size-large\"><img decoding=\"async\" src=\"https:\/\/1.bp.blogspot.com\/-MECZCENma9M\/YL2Vo-i6yrI\/AAAAAAAATyA\/VW7asr1dYY4kL0u_FejGfc0cHL78pZffQCLcBGAsYHQ\/w640-h636\/Captura%2Bde%2Btela%2B2021-06-07%2B003446.jpg\" alt=\"\"\/><\/figure>\n\n\n\n<figure class=\"wp-block-image size-large\"><img decoding=\"async\" src=\"https:\/\/1.bp.blogspot.com\/-gs83Z4jxsUs\/YL2Vo6MDW7I\/AAAAAAAATyE\/zIRLn7ui-8gwaBlwt6Yn_VO3SF0bCPnWACLcBGAsYHQ\/w640-h638\/Captura%2Bde%2Btela%2B2021-06-07%2B003612.jpg\" alt=\"\"\/><\/figure>\n\n\n<div class=\"separator\">Amigos cultos e ocultos, bom dia! Seguimos com mais um lp da s\u00e9rie &#8216;descartes do vizinho&#8217;. Desta vez com um \u00e1lbum dos mais interessantes, &#8220;Solistas em Hi-Fi&#8221;. Olha que bacana, temos aqui seis solistas, em seus diferentes instrumentos. Ros\u00e1rio de C\u00e1ria, flauta; Walter Bianchi, clarineta; Omar Izar, gaita; Walrigo Patucchi, violoncelo, Paulo Mezzaroma, violino e Mario de Azevedo, assobio. Todos sob reg\u00eancia e orquestra\u00e7\u00e3o de Waldemiro Lemke. Disco lan\u00e7ado pela Polydor, em 1959. Mais um para o nosso acervo! Vamos conferir?<\/div>\n<div class=\"separator\">\u00a0<\/div>\n<div class=\"separator\">carinhoso<\/div>\n<div class=\"separator\">quem sabe<\/div>\n<div class=\"separator\">o v\u00f4o do besouro<\/div>\n<div class=\"separator\">n\u00e3o tenho voc\u00ea<\/div>\n<div class=\"separator\">brasileirinho<\/div>\n<div class=\"separator\">hora staccato<\/div>\n<div class=\"separator\">vassourinhas<\/div>\n<div class=\"separator\">estrellita<\/div>\n<div class=\"separator\">3 de abril<\/div>\n<div class=\"separator\">pra que saber<\/div>\n<div class=\"separator\">valsa do adeus<\/div>\n<div class=\"separator\">\u00a0<\/div>\n<div class=\"separator\">\u00a0<\/div>\n<div class=\"separator\">.<\/div>","protected":false},"excerpt":{"rendered":"<p>Amigos cultos e ocultos, bom dia! Seguimos com mais um lp da s\u00e9rie &#8216;descartes do vizinho&#8217;. Desta vez com um \u00e1lbum dos mais interessantes, &#8220;Solistas em Hi-Fi&#8221;. Olha que bacana, temos aqui seis solistas, em seus diferentes instrumentos. Ros\u00e1rio de &hellip; <a href=\"https:\/\/www.toque-musicall.com\/?p=8523\">Continue lendo <span class=\"meta-nav\">&rarr;<\/span><\/a><\/p>\n","protected":false},"author":1,"featured_media":0,"comment_status":"closed","ping_status":"closed","sticky":false,"template":"","format":"standard","meta":{"footnotes":""},"categories":[146,4530],"tags":[3057,4531],"class_list":["post-8523","post","type-post","status-publish","format-standard","hentry","category-selo-polydor","category-solistas-em-hi-fi","tag-selo-polydor","tag-solistas-em-hi-fi"],"_links":{"self":[{"href":"https:\/\/www.toque-musicall.com\/index.php?rest_route=\/wp\/v2\/posts\/8523","targetHints":{"allow":["GET"]}}],"collection":[{"href":"https:\/\/www.toque-musicall.com\/index.php?rest_route=\/wp\/v2\/posts"}],"about":[{"href":"https:\/\/www.toque-musicall.com\/index.php?rest_route=\/wp\/v2\/types\/post"}],"author":[{"embeddable":true,"href":"https:\/\/www.toque-musicall.com\/index.php?rest_route=\/wp\/v2\/users\/1"}],"replies":[{"embeddable":true,"href":"https:\/\/www.toque-musicall.com\/index.php?rest_route=%2Fwp%2Fv2%2Fcomments&post=8523"}],"version-history":[{"count":1,"href":"https:\/\/www.toque-musicall.com\/index.php?rest_route=\/wp\/v2\/posts\/8523\/revisions"}],"predecessor-version":[{"id":8524,"href":"https:\/\/www.toque-musicall.com\/index.php?rest_route=\/wp\/v2\/posts\/8523\/revisions\/8524"}],"wp:attachment":[{"href":"https:\/\/www.toque-musicall.com\/index.php?rest_route=%2Fwp%2Fv2%2Fmedia&parent=8523"}],"wp:term":[{"taxonomy":"category","embeddable":true,"href":"https:\/\/www.toque-musicall.com\/index.php?rest_route=%2Fwp%2Fv2%2Fcategories&post=8523"},{"taxonomy":"post_tag","embeddable":true,"href":"https:\/\/www.toque-musicall.com\/index.php?rest_route=%2Fwp%2Fv2%2Ftags&post=8523"}],"curies":[{"name":"wp","href":"https:\/\/api.w.org\/{rel}","templated":true}]}}