{"id":8532,"date":"2021-06-07T20:26:00","date_gmt":"2021-06-07T23:26:00","guid":{"rendered":"http:\/\/www.toque-musicall.com\/?p=8532"},"modified":"2021-06-10T20:30:42","modified_gmt":"2021-06-10T23:30:42","slug":"vozes-em-harmonia-1957","status":"publish","type":"post","link":"https:\/\/www.toque-musicall.com\/?p=8532","title":{"rendered":"Vozes Em Harmonia (1957)"},"content":{"rendered":"\n<figure class=\"wp-block-image size-large\"><img decoding=\"async\" src=\"https:\/\/1.bp.blogspot.com\/-eW--Zvp8F7c\/YMKUrQxxeKI\/AAAAAAAATyw\/NFiW4qxyp10x-1_VxcrmXuaaOQ0iqG38ACLcBGAsYHQ\/w636-h640\/Captura%2Bde%2Btela%2B2021-06-10%2B191817.jpg\" alt=\"\"\/><\/figure>\n\n\n\n<figure class=\"wp-block-image size-large\"><img decoding=\"async\" src=\"https:\/\/1.bp.blogspot.com\/-YtkAOV3C-XQ\/YMKUrRMhjuI\/AAAAAAAATy0\/XXXRk5LhUrALyMUsjH1biG6d8uY-xXDRgCLcBGAsYHQ\/w640-h640\/Captura%2Bde%2Btela%2B2021-06-10%2B192012.jpg\" alt=\"\"\/><\/figure>\n\n\n<div class=\"separator\">Boa noite a todos, amigos cultos e ocultos! Depois de postarmos um disco onde o destaque \u00e9 a voz (me refiro a Tet\u00ea Esp\u00edndola), na melhor que um outro disco onde tamb\u00e9m o destaque \u00e9 a harmonia vocal. Aqui temos &#8220;Vozes em Harmonia&#8221;, disco de 10 polegadas lan\u00e7ado pela RCA Victor em 1957 e apresentando quatro de seus melhores grupos vocais na \u00e9poca. Como podemos ver temos neste disquinho as presen\u00e7as do Trio Nag\u00f4, Trio de Ouro, Trio Itapo\u00e3 e o quarteto Os Gaud\u00e9rios. No disquinho de oito faixas cada grupo apresenta duas m\u00fasicas. Um pequeno mostru\u00e1rio da gravadora.<\/div>\n<div class=\"separator\">Vamos conferir essa joinha?<\/div>\n<div class=\"separator\">\u00a0<\/div>\n<div class=\"separator\">dei ao mar pra guardar &#8211; trio nag\u00f4<\/div>\n<div class=\"separator\">tudo \u00e9 samba &#8211; trio de ouro<\/div>\n<div class=\"separator\">plazito carreteiro &#8211; os gaud\u00e9rios<\/div>\n<div class=\"separator\">praia vermelha &#8211; trio itapo\u00e3<\/div>\n<div class=\"separator\">era boi &#8211; os gaud\u00e9rios<\/div>\n<div class=\"separator\">maria loira &#8211; trio de ouro<\/div>\n<div class=\"separator\">quem \u00e9 &#8211; trio itapo\u00e3<\/div>\n<div class=\"separator\">natal pobre &#8211; trio nag\u00f4<\/div>\n<div class=\"separator\">\u00a0<\/div>\n<div class=\"separator\">\u00a0<\/div>\n<div class=\"separator\">.<\/div>","protected":false},"excerpt":{"rendered":"<p>Boa noite a todos, amigos cultos e ocultos! Depois de postarmos um disco onde o destaque \u00e9 a voz (me refiro a Tet\u00ea Esp\u00edndola), na melhor que um outro disco onde tamb\u00e9m o destaque \u00e9 a harmonia vocal. Aqui temos &hellip; <a href=\"https:\/\/www.toque-musicall.com\/?p=8532\">Continue lendo <span class=\"meta-nav\">&rarr;<\/span><\/a><\/p>\n","protected":false},"author":1,"featured_media":0,"comment_status":"closed","ping_status":"closed","sticky":false,"template":"","format":"standard","meta":{"footnotes":""},"categories":[4537,70,210,4536,1344],"tags":[4539,3061,4538,4540,4509],"class_list":["post-8532","post","type-post","status-publish","format-standard","hentry","category-os-gauderios","category-selo-rca-victor","category-trio-de-ouro","category-trio-itapoa","category-trio-nago","tag-os-gauderios","tag-selo-rca-victor","tag-trio-de-ouro","tag-trio-itapoa","tag-trio-nago"],"_links":{"self":[{"href":"https:\/\/www.toque-musicall.com\/index.php?rest_route=\/wp\/v2\/posts\/8532","targetHints":{"allow":["GET"]}}],"collection":[{"href":"https:\/\/www.toque-musicall.com\/index.php?rest_route=\/wp\/v2\/posts"}],"about":[{"href":"https:\/\/www.toque-musicall.com\/index.php?rest_route=\/wp\/v2\/types\/post"}],"author":[{"embeddable":true,"href":"https:\/\/www.toque-musicall.com\/index.php?rest_route=\/wp\/v2\/users\/1"}],"replies":[{"embeddable":true,"href":"https:\/\/www.toque-musicall.com\/index.php?rest_route=%2Fwp%2Fv2%2Fcomments&post=8532"}],"version-history":[{"count":1,"href":"https:\/\/www.toque-musicall.com\/index.php?rest_route=\/wp\/v2\/posts\/8532\/revisions"}],"predecessor-version":[{"id":8533,"href":"https:\/\/www.toque-musicall.com\/index.php?rest_route=\/wp\/v2\/posts\/8532\/revisions\/8533"}],"wp:attachment":[{"href":"https:\/\/www.toque-musicall.com\/index.php?rest_route=%2Fwp%2Fv2%2Fmedia&parent=8532"}],"wp:term":[{"taxonomy":"category","embeddable":true,"href":"https:\/\/www.toque-musicall.com\/index.php?rest_route=%2Fwp%2Fv2%2Fcategories&post=8532"},{"taxonomy":"post_tag","embeddable":true,"href":"https:\/\/www.toque-musicall.com\/index.php?rest_route=%2Fwp%2Fv2%2Ftags&post=8532"}],"curies":[{"name":"wp","href":"https:\/\/api.w.org\/{rel}","templated":true}]}}