{"id":854,"date":"2010-05-07T10:53:00","date_gmt":"2010-05-07T10:53:00","guid":{"rendered":"http:\/\/www.toque-musicall.com\/?p=854"},"modified":"2010-05-07T10:53:00","modified_gmt":"2010-05-07T10:53:00","slug":"turma-da-lenha-e-uma-brasa-sd","status":"publish","type":"post","link":"https:\/\/www.toque-musicall.com\/?p=854","title":{"rendered":"Turma Da Lenha &#8211; \u00c9 Uma Brasa (S\/D)"},"content":{"rendered":"<p><a href=\"http:\/\/3.bp.blogspot.com\/_DSKVEvHtskc\/S-PxvZ0gWuI\/AAAAAAAAGhE\/MHhLRUr4dko\/s1600\/turma+da+lenha+P.JPG\"><img decoding=\"async\" style=\"TEXT-ALIGN: center; MARGIN: 0px auto 10px; WIDTH: 400px; DISPLAY: block; HEIGHT: 394px; CURSOR: hand\" id=\"BLOGGER_PHOTO_ID_5468480169245170402\" border=\"0\" alt=\"\" src=\"http:\/\/3.bp.blogspot.com\/_DSKVEvHtskc\/S-PxvZ0gWuI\/AAAAAAAAGhE\/MHhLRUr4dko\/s400\/turma+da+lenha+P.JPG\" \/><\/a> Ol\u00e1 amigos cultos e ocultos! Para que possamos dar sequ\u00eancia em nossa mostra de \u00e1lbuns da s\u00e9rie Paladium, nesta semana, n\u00e3o teremos o artista\/disco independente. Agora que eu entrei no embalo, n\u00e3o d\u00e1 para parar&#8230;<br \/>O disco de hoje &#8216;\u00e9 uma brasa&#8217;, mora? Sim, uma sele\u00e7\u00e3o de &#8216;hits&#8217; extra\u00eddos exclusivamente da Jovem Guarda. S\u00e3o doze m\u00fasicas interpretadas pelo conjunto Turma da Lenha. Mais um grupo musical criado para complementar o disco (e vice versa). A respeito disso, soube que muitos dos (hoje famosos) m\u00fasicos mineiros passaram pela Paladium e possivelmente at\u00e9 tocaram neste e outros discos do selo. Ao ouvir o lp percebemos que a turma mineira, embora batendo de &#8216;covers&#8217;, n\u00e3o deixa nada a desejar aos originais da Jovem Guarda. Confiram o toque&#8230;<\/p>\n<div align=\"center\"> wooly bully<\/div>\n<div align=\"center\">algu\u00e9m na multid\u00e3o<\/div>\n<div align=\"center\">que vida levo eu<\/div>\n<div align=\"center\">\u00e9 o tempo do amor<\/div>\n<div align=\"center\">menina linda<\/div>\n<div align=\"center\">quero que v\u00e1 tudo pro inferno<\/div>\n<div align=\"center\">festa de arromba<\/div>\n<div align=\"center\">a pescaria<\/div>\n<div align=\"center\">um grande amor<\/div>\n<div align=\"center\">blue star<\/div>\n<div align=\"center\">parei, olhei&#8230;<\/div>\n<div align=\"center\">emo\u00e7\u00e3o<\/div>\n<div align=\"center\"> <\/div>\n<div align=\"center\"> <\/div>\n","protected":false},"excerpt":{"rendered":"<p>Ol\u00e1 amigos cultos e ocultos! Para que possamos dar sequ\u00eancia em nossa mostra de \u00e1lbuns da s\u00e9rie Paladium, nesta semana, n\u00e3o teremos o artista\/disco independente. Agora que eu entrei no embalo, n\u00e3o d\u00e1 para parar&#8230;O disco de hoje &#8216;\u00e9 uma &hellip; <a href=\"https:\/\/www.toque-musicall.com\/?p=854\">Continue lendo <span class=\"meta-nav\">&rarr;<\/span><\/a><\/p>\n","protected":false},"author":1,"featured_media":0,"comment_status":"open","ping_status":"closed","sticky":false,"template":"","format":"standard","meta":{"footnotes":""},"categories":[682,1166],"tags":[],"class_list":["post-854","post","type-post","status-publish","format-standard","hentry","category-paladium","category-turma-da-lenha"],"_links":{"self":[{"href":"https:\/\/www.toque-musicall.com\/index.php?rest_route=\/wp\/v2\/posts\/854","targetHints":{"allow":["GET"]}}],"collection":[{"href":"https:\/\/www.toque-musicall.com\/index.php?rest_route=\/wp\/v2\/posts"}],"about":[{"href":"https:\/\/www.toque-musicall.com\/index.php?rest_route=\/wp\/v2\/types\/post"}],"author":[{"embeddable":true,"href":"https:\/\/www.toque-musicall.com\/index.php?rest_route=\/wp\/v2\/users\/1"}],"replies":[{"embeddable":true,"href":"https:\/\/www.toque-musicall.com\/index.php?rest_route=%2Fwp%2Fv2%2Fcomments&post=854"}],"version-history":[{"count":0,"href":"https:\/\/www.toque-musicall.com\/index.php?rest_route=\/wp\/v2\/posts\/854\/revisions"}],"wp:attachment":[{"href":"https:\/\/www.toque-musicall.com\/index.php?rest_route=%2Fwp%2Fv2%2Fmedia&parent=854"}],"wp:term":[{"taxonomy":"category","embeddable":true,"href":"https:\/\/www.toque-musicall.com\/index.php?rest_route=%2Fwp%2Fv2%2Fcategories&post=854"},{"taxonomy":"post_tag","embeddable":true,"href":"https:\/\/www.toque-musicall.com\/index.php?rest_route=%2Fwp%2Fv2%2Ftags&post=854"}],"curies":[{"name":"wp","href":"https:\/\/api.w.org\/{rel}","templated":true}]}}