{"id":8541,"date":"2021-06-10T20:45:00","date_gmt":"2021-06-10T23:45:00","guid":{"rendered":"https:\/\/www.toque-musicall.com\/?p=8541"},"modified":"2021-06-14T20:51:42","modified_gmt":"2021-06-14T23:51:42","slug":"kleiton-ramil-sim-1991","status":"publish","type":"post","link":"https:\/\/www.toque-musicall.com\/?p=8541","title":{"rendered":"Kleiton Ramil &#8211; Sim (1991)"},"content":{"rendered":"\n<figure class=\"wp-block-image size-large\"><img decoding=\"async\" src=\"https:\/\/1.bp.blogspot.com\/-a2AWsnBhBrI\/YMZ6DTJG38I\/AAAAAAAATzs\/_zKhVbne18MherRGAQkHxFFLYkHYxrUvACLcBGAsYHQ\/w636-h640\/Captura%2Bde%2Btela%2B2021-06-13%2B182859.jpg\" alt=\"\"\/><\/figure>\n\n\n\n<figure class=\"wp-block-image size-large\"><img decoding=\"async\" src=\"https:\/\/1.bp.blogspot.com\/-YYganCdmN0A\/YMZ6DQv6HjI\/AAAAAAAATzw\/r0ruyWPrcTsHC0HdHjN90azOIFAD25A-QCLcBGAsYHQ\/w634-h640\/Captura%2Bde%2Btela%2B2021-06-13%2B183007.jpg\" alt=\"\"\/><\/figure>\n\n\n<div class=\"separator\">Boa noite, amigos cultos e ocultos! Para n\u00e3o ficarmos apenas rodando em 10 polegadas, vamos tamb\u00e9m para os de 12. Aqui, um sortido, puxado no acaso, Kleiton Ramil e seu disco solo &#8216;Sim&#8221;, lan\u00e7ado em 1991 pelo selo RGE. Trabalho muito bonito deste artista ga\u00facho, que aqui se aventura sem o irm\u00e3o, Kledir, com quem formou uma das mais importantes duplas da mpb. Este disco foi gravado em 1990, nos Estados Unidos e ao que parece com m\u00fasicos estrangeiros. Traz um repert\u00f3rio praticamente todo autoral e bem interessante. Vale uma conferida&#8230;<\/div>\n<div class=\"separator\">&nbsp;<\/div>\n<div class=\"separator\">sim<\/div>\n<div class=\"separator\">porto \u00e9 meu porto<\/div>\n<div class=\"separator\">un deus trois<\/div>\n<div class=\"separator\">mesmo que<\/div>\n<div class=\"separator\">nunca diga nunca<\/div>\n<div class=\"separator\">voltar na primavera<\/div>\n<div class=\"separator\">animais<\/div>\n<div class=\"separator\">couvert art\u00edstico<\/div>\n<div class=\"separator\">phaneron<\/div>\n<div class=\"separator\">sombra fresca e rock no quintal<\/div>\n<div class=\"separator\">&nbsp;<\/div>\n<div class=\"separator\">.<\/div>\n<div class=\"separator\">&nbsp;<\/div>","protected":false},"excerpt":{"rendered":"<p>Boa noite, amigos cultos e ocultos! Para n\u00e3o ficarmos apenas rodando em 10 polegadas, vamos tamb\u00e9m para os de 12. Aqui, um sortido, puxado no acaso, Kleiton Ramil e seu disco solo &#8216;Sim&#8221;, lan\u00e7ado em 1991 pelo selo RGE. Trabalho &hellip; <a href=\"https:\/\/www.toque-musicall.com\/?p=8541\">Continue lendo <span class=\"meta-nav\">&rarr;<\/span><\/a><\/p>\n","protected":false},"author":1,"featured_media":0,"comment_status":"closed","ping_status":"closed","sticky":false,"template":"","format":"standard","meta":{"footnotes":""},"categories":[4544,153],"tags":[4545,3091],"class_list":["post-8541","post","type-post","status-publish","format-standard","hentry","category-kleiton-ramil","category-selo-rge","tag-kleiton-ramil","tag-selo-rge"],"_links":{"self":[{"href":"https:\/\/www.toque-musicall.com\/index.php?rest_route=\/wp\/v2\/posts\/8541","targetHints":{"allow":["GET"]}}],"collection":[{"href":"https:\/\/www.toque-musicall.com\/index.php?rest_route=\/wp\/v2\/posts"}],"about":[{"href":"https:\/\/www.toque-musicall.com\/index.php?rest_route=\/wp\/v2\/types\/post"}],"author":[{"embeddable":true,"href":"https:\/\/www.toque-musicall.com\/index.php?rest_route=\/wp\/v2\/users\/1"}],"replies":[{"embeddable":true,"href":"https:\/\/www.toque-musicall.com\/index.php?rest_route=%2Fwp%2Fv2%2Fcomments&post=8541"}],"version-history":[{"count":2,"href":"https:\/\/www.toque-musicall.com\/index.php?rest_route=\/wp\/v2\/posts\/8541\/revisions"}],"predecessor-version":[{"id":8544,"href":"https:\/\/www.toque-musicall.com\/index.php?rest_route=\/wp\/v2\/posts\/8541\/revisions\/8544"}],"wp:attachment":[{"href":"https:\/\/www.toque-musicall.com\/index.php?rest_route=%2Fwp%2Fv2%2Fmedia&parent=8541"}],"wp:term":[{"taxonomy":"category","embeddable":true,"href":"https:\/\/www.toque-musicall.com\/index.php?rest_route=%2Fwp%2Fv2%2Fcategories&post=8541"},{"taxonomy":"post_tag","embeddable":true,"href":"https:\/\/www.toque-musicall.com\/index.php?rest_route=%2Fwp%2Fv2%2Ftags&post=8541"}],"curies":[{"name":"wp","href":"https:\/\/api.w.org\/{rel}","templated":true}]}}