{"id":8547,"date":"2021-06-13T22:36:00","date_gmt":"2021-06-14T01:36:00","guid":{"rendered":"https:\/\/www.toque-musicall.com\/?p=8547"},"modified":"2021-06-14T22:39:37","modified_gmt":"2021-06-15T01:39:37","slug":"manuel-bandeira-e-sergio-milliet-poesia-1958","status":"publish","type":"post","link":"https:\/\/www.toque-musicall.com\/?p=8547","title":{"rendered":"Manuel Bandeira E S\u00e9rgio Milliet &#8211; Poesia (1958)"},"content":{"rendered":"\n<figure class=\"wp-block-image size-large\"><img decoding=\"async\" src=\"https:\/\/1.bp.blogspot.com\/-u31jsw8NrQw\/YMf_Ja_mb1I\/AAAAAAAAT0s\/1wqdk6D024ssWsyao-_h0YR9CXv9l-c6QCLcBGAsYHQ\/w634-h640\/Captura%2Bde%2Btela%2B2021-06-14%2B221305.jpg\" alt=\"\"\/><\/figure>\n\n\n\n<figure class=\"wp-block-image size-large\"><img decoding=\"async\" src=\"https:\/\/1.bp.blogspot.com\/-tJkG8UEG7Ew\/YMf_Nj5flpI\/AAAAAAAAT00\/YxSg-qfgQSU47xv5LY84_q00Q-H_m8LcwCLcBGAsYHQ\/w640-h626\/Captura%2Bde%2Btela%2B2021-06-14%2B221138.jpg\" alt=\"\"\/><\/figure>\n\n\n<div class=\"separator\">Boa noite, meus car\u00edssimos amigos cultos e ocultos! Coisa que h\u00e1 tempos eu n\u00e3o publico aqui s\u00e3o os discos de poesia, que sempre fazem muito sucesso, principalmente os discos lan\u00e7ados pelo memor\u00e1vel selo Festa. Da s\u00e9rie produzida por essa gravadora n\u00f3s j\u00e1 apresentamos v\u00e1rios e agora temos mais um, desta vez apresentando dois outros grandes escritores e poetas, Manuel Bandeira e S\u00e9rgio Milliet. Como de costume, cada lado do disco \u00e9 dedicado a um poeta. Confiram, pois se tem uma coisa rara de se encontrar dispon\u00edvel na internet s\u00e3o esses discos de poesia lan\u00e7ados nos anos 50.\u00a0<\/div>\n<div class=\"separator\">\u00a0<\/div>\n<div class=\"separator\">S\u00e9rgio Milliet:<\/div>\n<div class=\"separator\">paisagem italiana<\/div>\n<div class=\"separator\">longetudes<\/div>\n<div class=\"separator\">que nada recorde nada<\/div>\n<div class=\"separator\">o morto<\/div>\n<div class=\"separator\">bem da gente<\/div>\n<div class=\"separator\">o mar outrora<\/div>\n<div class=\"separator\">lembran\u00e7a<\/div>\n<div class=\"separator\">tristeza<\/div>\n<div class=\"separator\">vazio<\/div>\n<div class=\"separator\">sob o signo da virgem<\/div>\n<div class=\"separator\">inverno su\u00ed\u00e7o<\/div>\n<div class=\"separator\">\u00a0<\/div>\n<div class=\"separator\">Manuel Bandeira:<\/div>\n<div class=\"separator\">a chave do poema<\/div>\n<div class=\"separator\">berimbau<\/div>\n<div class=\"separator\">o cacto<\/div>\n<div class=\"separator\">pneumotorax<\/div>\n<div class=\"separator\">namorados<\/div>\n<div class=\"separator\">estrela da manh\u00e3<\/div>\n<div class=\"separator\">piscina<\/div>\n<div class=\"separator\">a ninfa<\/div>\n<div class=\"separator\">\u00a0<\/div>\n<div class=\"separator\">.<\/div>","protected":false},"excerpt":{"rendered":"<p>Boa noite, meus car\u00edssimos amigos cultos e ocultos! Coisa que h\u00e1 tempos eu n\u00e3o publico aqui s\u00e3o os discos de poesia, que sempre fazem muito sucesso, principalmente os discos lan\u00e7ados pelo memor\u00e1vel selo Festa. Da s\u00e9rie produzida por essa gravadora &hellip; <a href=\"https:\/\/www.toque-musicall.com\/?p=8547\">Continue lendo <span class=\"meta-nav\">&rarr;<\/span><\/a><\/p>\n","protected":false},"author":1,"featured_media":0,"comment_status":"closed","ping_status":"closed","sticky":false,"template":"","format":"standard","meta":{"footnotes":""},"categories":[3546,318,517,4548],"tags":[3545,3383,3358,4549],"class_list":["post-8547","post","type-post","status-publish","format-standard","hentry","category-manuel-bandeira","category-poesia","category-selo-festa","category-sergio-milliet","tag-manuel-bandeira","tag-poesias","tag-selo-festa","tag-sergio-milliet"],"_links":{"self":[{"href":"https:\/\/www.toque-musicall.com\/index.php?rest_route=\/wp\/v2\/posts\/8547","targetHints":{"allow":["GET"]}}],"collection":[{"href":"https:\/\/www.toque-musicall.com\/index.php?rest_route=\/wp\/v2\/posts"}],"about":[{"href":"https:\/\/www.toque-musicall.com\/index.php?rest_route=\/wp\/v2\/types\/post"}],"author":[{"embeddable":true,"href":"https:\/\/www.toque-musicall.com\/index.php?rest_route=\/wp\/v2\/users\/1"}],"replies":[{"embeddable":true,"href":"https:\/\/www.toque-musicall.com\/index.php?rest_route=%2Fwp%2Fv2%2Fcomments&post=8547"}],"version-history":[{"count":1,"href":"https:\/\/www.toque-musicall.com\/index.php?rest_route=\/wp\/v2\/posts\/8547\/revisions"}],"predecessor-version":[{"id":8548,"href":"https:\/\/www.toque-musicall.com\/index.php?rest_route=\/wp\/v2\/posts\/8547\/revisions\/8548"}],"wp:attachment":[{"href":"https:\/\/www.toque-musicall.com\/index.php?rest_route=%2Fwp%2Fv2%2Fmedia&parent=8547"}],"wp:term":[{"taxonomy":"category","embeddable":true,"href":"https:\/\/www.toque-musicall.com\/index.php?rest_route=%2Fwp%2Fv2%2Fcategories&post=8547"},{"taxonomy":"post_tag","embeddable":true,"href":"https:\/\/www.toque-musicall.com\/index.php?rest_route=%2Fwp%2Fv2%2Ftags&post=8547"}],"curies":[{"name":"wp","href":"https:\/\/api.w.org\/{rel}","templated":true}]}}