{"id":8552,"date":"2021-06-15T14:42:00","date_gmt":"2021-06-15T17:42:00","guid":{"rendered":"http:\/\/www.toque-musicall.com\/?p=8552"},"modified":"2021-06-26T22:21:01","modified_gmt":"2021-06-27T01:21:01","slug":"lamartine-babo-noites-de-junho-1956","status":"publish","type":"post","link":"https:\/\/www.toque-musicall.com\/?p=8552","title":{"rendered":"Lamartine Babo &#8211; Noites De Junho (1956)"},"content":{"rendered":"\n<figure class=\"wp-block-image size-large\"><img decoding=\"async\" src=\"https:\/\/1.bp.blogspot.com\/-WDoI_Cs6ZWw\/YMkxJbusAXI\/AAAAAAAAT1Y\/bOuEtl7uFp4bZ5Wab1myqt_9CJKcgjzWwCLcBGAsYHQ\/w632-h640\/Captura%2Bde%2Btela%2B2021-06-14%2B210337.jpg\" alt=\"\"\/><\/figure>\n\n\n\n<figure class=\"wp-block-image size-large\"><img decoding=\"async\" src=\"https:\/\/1.bp.blogspot.com\/-_TBJF4KfcVU\/YMkxJrFptbI\/AAAAAAAAT1c\/AxLo98Fj82cLKQ3YZnBBZ-eWs15F5OMOACLcBGAsYHQ\/w628-h640\/Captura%2Bde%2Btela%2B2021-06-14%2B210457.jpg\" alt=\"\"\/><\/figure>\n\n\n<div class=\"separator\">Boa noite a todos, amigos cultos e ocultos! Embora essa pandemia que muda tudo em nossas vidas, n\u00e3o podemos esquecer que estamos em Junho, m\u00eas das festas ao luar, com direito a fogueira, quadrilha, quent\u00e3o, canjica&#8230; As tradicionais festas juninas. Por aqui, no Toque Musical, sempre tivemos essa preocupa\u00e7\u00e3o em lembrar datas e momentos marcantes do ano, mas \u00e9 certo tamb\u00e9m que de uns tempos pr\u00e1 c\u00e1 isso n\u00e3o tem acontecido. Coincidentemente, achei de postar aqui um disco do Lamartine Babo, que n\u00e3o sei porque raz\u00e3o n\u00e3o o postei antes. E que \u00f3timo, tudo a ver, &#8220;Noites de Junho&#8221; de Lamartine Babo \u00e9 um disco perfeito para a noite de hoje. Noite de junho, fria, triste por tudo que estamos passado, mas apesar disso, ainda est\u00e1 acessa uma fogueirinha em nossos cora\u00e7\u00f5es. Eis aqui um disquinho muito apropriado, talvez j\u00e1 visto e ouvido por muitos, mas ainda assim imprescind\u00edvel em nossa lista. Aqui temos oito temas cl\u00e1ssicos interpretados pelo pr\u00f3prio &#8216;Lal\u00e1&#8217;, com arranjos e orquestra\u00e7\u00e3o do maestro Lyrio Panicali. E viva S\u00e3o Jo\u00e3o!<\/div>\n<div class=\"separator\">\u00a0<\/div>\n<div class=\"separator\">chegou a hora da fogueira<\/div>\n<div class=\"separator\">isto \u00e9 l\u00e1 com santo antonio<\/div>\n<div class=\"separator\">noites de junho<\/div>\n<div class=\"separator\">quero quero<\/div>\n<div class=\"separator\">pistol\u00f5es<\/div>\n<div class=\"separator\">s\u00e3o jo\u00e3o a moda<\/div>\n<div class=\"separator\">babo&#8230; seiras<\/div>\n<div class=\"separator\">mineirinha<\/div>\n<div class=\"separator\">\u00a0<\/div>\n<div class=\"separator\">\u00a0<\/div>\n<div class=\"separator\">.\u00a0\u00a0<\/div>","protected":false},"excerpt":{"rendered":"<p>Boa noite a todos, amigos cultos e ocultos! Embora essa pandemia que muda tudo em nossas vidas, n\u00e3o podemos esquecer que estamos em Junho, m\u00eas das festas ao luar, com direito a fogueira, quadrilha, quent\u00e3o, canjica&#8230; As tradicionais festas juninas. &hellip; <a href=\"https:\/\/www.toque-musicall.com\/?p=8552\">Continue lendo <span class=\"meta-nav\">&rarr;<\/span><\/a><\/p>\n","protected":false},"author":1,"featured_media":0,"comment_status":"closed","ping_status":"closed","sticky":false,"template":"","format":"standard","meta":{"footnotes":""},"categories":[764,261],"tags":[4568,3597],"class_list":["post-8552","post","type-post","status-publish","format-standard","hentry","category-lamartine-babo","category-selo-sinter","tag-lamartine-babo","tag-selo-sinter"],"_links":{"self":[{"href":"https:\/\/www.toque-musicall.com\/index.php?rest_route=\/wp\/v2\/posts\/8552","targetHints":{"allow":["GET"]}}],"collection":[{"href":"https:\/\/www.toque-musicall.com\/index.php?rest_route=\/wp\/v2\/posts"}],"about":[{"href":"https:\/\/www.toque-musicall.com\/index.php?rest_route=\/wp\/v2\/types\/post"}],"author":[{"embeddable":true,"href":"https:\/\/www.toque-musicall.com\/index.php?rest_route=\/wp\/v2\/users\/1"}],"replies":[{"embeddable":true,"href":"https:\/\/www.toque-musicall.com\/index.php?rest_route=%2Fwp%2Fv2%2Fcomments&post=8552"}],"version-history":[{"count":1,"href":"https:\/\/www.toque-musicall.com\/index.php?rest_route=\/wp\/v2\/posts\/8552\/revisions"}],"predecessor-version":[{"id":8553,"href":"https:\/\/www.toque-musicall.com\/index.php?rest_route=\/wp\/v2\/posts\/8552\/revisions\/8553"}],"wp:attachment":[{"href":"https:\/\/www.toque-musicall.com\/index.php?rest_route=%2Fwp%2Fv2%2Fmedia&parent=8552"}],"wp:term":[{"taxonomy":"category","embeddable":true,"href":"https:\/\/www.toque-musicall.com\/index.php?rest_route=%2Fwp%2Fv2%2Fcategories&post=8552"},{"taxonomy":"post_tag","embeddable":true,"href":"https:\/\/www.toque-musicall.com\/index.php?rest_route=%2Fwp%2Fv2%2Ftags&post=8552"}],"curies":[{"name":"wp","href":"https:\/\/api.w.org\/{rel}","templated":true}]}}