{"id":8554,"date":"2021-06-16T20:03:11","date_gmt":"2021-06-16T23:03:11","guid":{"rendered":"https:\/\/www.toque-musicall.com\/?p=8554"},"modified":"2021-06-16T20:03:11","modified_gmt":"2021-06-16T23:03:11","slug":"sergio-carvalho-pra-frente-1964","status":"publish","type":"post","link":"https:\/\/www.toque-musicall.com\/?p=8554","title":{"rendered":"S\u00e9rgio Carvalho &#8211; P&#8217;ra Frente (1964)"},"content":{"rendered":"\n<figure class=\"wp-block-image size-large\"><img decoding=\"async\" src=\"https:\/\/1.bp.blogspot.com\/-DqKLkLubX3Q\/YMpwFwlGcGI\/AAAAAAAAT1w\/yA8KZQGTEiobcHkKCGbzTtP0IHSKUiHSwCLcBGAsYHQ\/w640-h640\/prafrente.jpg\" alt=\"\"\/><\/figure>\n\n\n\n<figure class=\"wp-block-image size-large\"><img decoding=\"async\" src=\"https:\/\/1.bp.blogspot.com\/-iNT84E5f7DI\/YMpwFxzpwMI\/AAAAAAAAT10\/vY4mpQGX7PgRDRPSrDTRHKc_K1YyU0YPgCLcBGAsYHQ\/w640-h638\/prafrente_back.jpg\" alt=\"\"\/><\/figure>\n\n\n<div class=\"separator\">Boa noite para todos os amigos, cultos e ocultos! Em outros tempos estar\u00edamos agora festejando o m\u00eas de anivers\u00e1rio do Toque Musical. Mas ando t\u00e3o desanimado e cada dia mais. Mesmo com tanta m\u00fasica a gente n\u00e3o consegue fugir dos problemas e as vezes nem ela pode nos salvar. Por\u00e9m, a gente segue&#8230;<\/div>\n<div class=\"separator\">Hoje aqui temos esse &#8216;arquivo de gaveta&#8217;, por pura pregui\u00e7a de preparar algum dos discos que, na verdade, j\u00e1 est\u00e3o engatilhados. Enfim, n\u00e3o importa muito, pois o &#8216;arquivo de gaveta&#8217; aqui n\u00e3o deixa nada a desejar.<\/div>\n<div class=\"separator\">Trago para voc\u00eas o primeiro lp de S\u00e9rgio Carvalho, m\u00fasico compositor, pianista e arranjador. Gravou apenas tr\u00eas discos nos anos 60, se dedicando a partir dos anos 70 a trabalhar em discos de outros artistas como m\u00fasico e arranjador. Nessa, a lista \u00e9 bem grande, mas s\u00f3 para se ter uma ideia: Roberto Carlos, Alcione, Jo\u00e3o Nogueira, Jo\u00e3o Bosco, Carlinhos Vergueiro, Cartola, Leci Brand\u00e3o, Fagner, Beth Carvalho, Elis Regina, Wilson Simonal e outros bambas da nossa mpb. Neste primeiro disco lan\u00e7ado por ele em 1964, atrav\u00e9s do selo Continental, temos um repert\u00f3rio fino, entre composi\u00e7\u00f5es pr\u00f3prias e de outros autores. Um aut\u00eantico disco de bossa nova e como tal, um registro hoje raro, disco dif\u00edcil de se achar por a\u00ed at\u00e9 mesmo no formato digital. Est\u00e1 a\u00ed uma boa raz\u00e3o para public\u00e1-lo e inclu\u00ed-lo em nosso acervo. Confiram no GTM..<\/div>\n<div class=\"separator\">\u00a0<\/div>\n<div class=\"separator\">l\u00e1grima flor<\/div>\n<div class=\"separator\">na manh\u00e3<\/div>\n<div class=\"separator\">vem viver<\/div>\n<div class=\"separator\">amor de nada<\/div>\n<div class=\"separator\">fada bombom<\/div>\n<div class=\"separator\">tudo era voc\u00ea<\/div>\n<div class=\"separator\">noa noa<\/div>\n<div class=\"separator\">enquanto a tristeza n\u00e3o vem<\/div>\n<div class=\"separator\">nosso amanh\u00e3<\/div>\n<div class=\"separator\">at\u00e9 amanh\u00e3 at\u00e9 mais ver<\/div>\n<div class=\"separator\">louca de saudade<\/div>\n<div class=\"separator\">tanto amor<\/div>\n<div class=\"separator\">\u00a0<\/div>\n<div class=\"separator\">\u00a0<\/div>\n<div class=\"separator\">.<\/div>","protected":false},"excerpt":{"rendered":"<p>Boa noite para todos os amigos, cultos e ocultos! Em outros tempos estar\u00edamos agora festejando o m\u00eas de anivers\u00e1rio do Toque Musical. Mas ando t\u00e3o desanimado e cada dia mais. Mesmo com tanta m\u00fasica a gente n\u00e3o consegue fugir dos &hellip; <a href=\"https:\/\/www.toque-musicall.com\/?p=8554\">Continue lendo <span class=\"meta-nav\">&rarr;<\/span><\/a><\/p>\n","protected":false},"author":1,"featured_media":0,"comment_status":"closed","ping_status":"closed","sticky":false,"template":"","format":"standard","meta":{"footnotes":""},"categories":[40,4551],"tags":[3327,4552],"class_list":["post-8554","post","type-post","status-publish","format-standard","hentry","category-selo-continental","category-sergio-carvalho","tag-selo-continental","tag-sergio-carvalho"],"_links":{"self":[{"href":"https:\/\/www.toque-musicall.com\/index.php?rest_route=\/wp\/v2\/posts\/8554","targetHints":{"allow":["GET"]}}],"collection":[{"href":"https:\/\/www.toque-musicall.com\/index.php?rest_route=\/wp\/v2\/posts"}],"about":[{"href":"https:\/\/www.toque-musicall.com\/index.php?rest_route=\/wp\/v2\/types\/post"}],"author":[{"embeddable":true,"href":"https:\/\/www.toque-musicall.com\/index.php?rest_route=\/wp\/v2\/users\/1"}],"replies":[{"embeddable":true,"href":"https:\/\/www.toque-musicall.com\/index.php?rest_route=%2Fwp%2Fv2%2Fcomments&post=8554"}],"version-history":[{"count":1,"href":"https:\/\/www.toque-musicall.com\/index.php?rest_route=\/wp\/v2\/posts\/8554\/revisions"}],"predecessor-version":[{"id":8555,"href":"https:\/\/www.toque-musicall.com\/index.php?rest_route=\/wp\/v2\/posts\/8554\/revisions\/8555"}],"wp:attachment":[{"href":"https:\/\/www.toque-musicall.com\/index.php?rest_route=%2Fwp%2Fv2%2Fmedia&parent=8554"}],"wp:term":[{"taxonomy":"category","embeddable":true,"href":"https:\/\/www.toque-musicall.com\/index.php?rest_route=%2Fwp%2Fv2%2Fcategories&post=8554"},{"taxonomy":"post_tag","embeddable":true,"href":"https:\/\/www.toque-musicall.com\/index.php?rest_route=%2Fwp%2Fv2%2Ftags&post=8554"}],"curies":[{"name":"wp","href":"https:\/\/api.w.org\/{rel}","templated":true}]}}