{"id":8558,"date":"2021-06-18T15:55:00","date_gmt":"2021-06-18T18:55:00","guid":{"rendered":"https:\/\/www.toque-musicall.com\/?p=8558"},"modified":"2021-06-21T16:07:22","modified_gmt":"2021-06-21T19:07:22","slug":"miguel-gustavo-1972","status":"publish","type":"post","link":"https:\/\/www.toque-musicall.com\/?p=8558","title":{"rendered":"Miguel Gustavo (1972)"},"content":{"rendered":"\n<figure class=\"wp-block-image size-large\"><img decoding=\"async\" src=\"https:\/\/1.bp.blogspot.com\/-sycOoTf08Io\/YM_BNCTxfrI\/AAAAAAAAT2w\/qD3nMslWsdMsrzMuAgup1ueGWPMnGDx5QCLcBGAsYHQ\/w640-h638\/Captura%2Bde%2Btela%2B2021-06-20%2B192218.jpg\" alt=\"\"\/><\/figure>\n\n\n\n<figure class=\"wp-block-image size-large\"><img decoding=\"async\" src=\"https:\/\/1.bp.blogspot.com\/-9TiZKIfqsTQ\/YM_BNIErlqI\/AAAAAAAAT2s\/FAgRyVZHVlouaxUBRFDteOth5dEDUDs_QCLcBGAsYHQ\/w632-h640\/Captura%2Bde%2Btela%2B2021-06-20%2B192101.jpg\" alt=\"\"\/><\/figure>\n\n\n<div class=\"separator\">Boa noite, car\u00edssimos amigos cultos e ocultos! Se antes j\u00e1 era dif\u00edcil manter as postagens di\u00e1rias, agora ent\u00e3o nem se fala. J\u00e1 n\u00e3o tenho mais o Samuca, que eventualmente me dava uma for\u00e7a. Agora vamos nos arrastando pelo menos at\u00e9 o dia 30, quanto ent\u00e3o, oficialmente, o Toque Musical completa 14 anos. Dessa forma, at\u00e9 l\u00e1, temos que manter o fluxo e tamb\u00e9m a pose \ud83d\ude42 Mas j\u00e1 temos algumas novas ideias engatilhadas. Vamos aguardar&#8230;<\/div>\n<div class=\"separator\">Hoje temos aqui e mais uma vez um disco com m\u00fasicas do compositor e publicit\u00e1rio Miguel Gustavo. Em uma outra ocasi\u00e3o chegamos a postar aqui um disco n\u00e3o comercial, da MPM Propaganda e como este, lan\u00e7ado em 1972. No caso, trata-se de um disco p\u00f3stumo. Miguel Gustavo faleceu aos 49 anos, em janeiro de 72. Para os que ainda n\u00e3o o conhecem, ele foi um compositor de muitas m\u00fasicas e jingles famosos, m\u00fasicas que ainda hoje s\u00e3o relembradas com sucesso. Este lp faz parte da s\u00e9rie Colagem, da gravadora Continental, lan\u00e7ada em 1971, na qual est\u00e3o presentes uma dezena de outros artistas populares. Neste lp dedicado a Miguel Gustavo iremos encontrar doze composi\u00e7\u00f5es suas, algumas, inclusive, que n\u00e3o apareceram no outro disco do qual j\u00e1 falamos. Sem d\u00favida, um disco essencial em qualquer discoteca dedicada a m\u00fasica popular brasileira. Vamos conferir&#8230;<\/div>\n<div class=\"separator\">\u00a0<\/div>\n<div class=\"separator\">\u00e9 tempo de amar &#8211; francisco alves<\/div>\n<div class=\"separator\">caf\u00e9 so\u00e7aite &#8211; jorge veiga<\/div>\n<div class=\"separator\">achados e perdidos &#8211; elizete cardoso<\/div>\n<div class=\"separator\">brigitte bardot &#8211; jorge veiga<\/div>\n<div class=\"separator\">per omnia secula seculorum &#8211; carminha mascarenhas<\/div>\n<div class=\"separator\">e da\u00ed &#8211; elizete cardoso<\/div>\n<div class=\"separator\">pra frente brasil &#8211; coral de joab<\/div>\n<div class=\"separator\">hino do sesquicenten\u00e1rio da independ\u00eancia &#8211; coral de joab<\/div>\n<div class=\"separator\">brasil eu adoro voc\u00ea &#8211; angela maria<\/div>\n<div class=\"separator\">obrigado pel\u00e9 &#8211; conjunto nosso samba<\/div>\n<div class=\"separator\">fanzoca de r\u00e1dio &#8211; carequinha<\/div>\n<div class=\"separator\">\u00e9 tempo de rio grande &#8211; teixeirinha<\/div>\n<div class=\"separator\">\u00a0<\/div>\n<div class=\"separator\">\u00a0<\/div>\n<div class=\"separator\">.\u00a0<\/div>","protected":false},"excerpt":{"rendered":"<p>Boa noite, car\u00edssimos amigos cultos e ocultos! Se antes j\u00e1 era dif\u00edcil manter as postagens di\u00e1rias, agora ent\u00e3o nem se fala. J\u00e1 n\u00e3o tenho mais o Samuca, que eventualmente me dava uma for\u00e7a. Agora vamos nos arrastando pelo menos at\u00e9 &hellip; <a href=\"https:\/\/www.toque-musicall.com\/?p=8558\">Continue lendo <span class=\"meta-nav\">&rarr;<\/span><\/a><\/p>\n","protected":false},"author":1,"featured_media":0,"comment_status":"closed","ping_status":"closed","sticky":false,"template":"","format":"standard","meta":{"footnotes":""},"categories":[1132,40],"tags":[4556,3327],"class_list":["post-8558","post","type-post","status-publish","format-standard","hentry","category-miguel-gustavo","category-selo-continental","tag-miguel-gustavo","tag-selo-continental"],"_links":{"self":[{"href":"https:\/\/www.toque-musicall.com\/index.php?rest_route=\/wp\/v2\/posts\/8558","targetHints":{"allow":["GET"]}}],"collection":[{"href":"https:\/\/www.toque-musicall.com\/index.php?rest_route=\/wp\/v2\/posts"}],"about":[{"href":"https:\/\/www.toque-musicall.com\/index.php?rest_route=\/wp\/v2\/types\/post"}],"author":[{"embeddable":true,"href":"https:\/\/www.toque-musicall.com\/index.php?rest_route=\/wp\/v2\/users\/1"}],"replies":[{"embeddable":true,"href":"https:\/\/www.toque-musicall.com\/index.php?rest_route=%2Fwp%2Fv2%2Fcomments&post=8558"}],"version-history":[{"count":1,"href":"https:\/\/www.toque-musicall.com\/index.php?rest_route=\/wp\/v2\/posts\/8558\/revisions"}],"predecessor-version":[{"id":8559,"href":"https:\/\/www.toque-musicall.com\/index.php?rest_route=\/wp\/v2\/posts\/8558\/revisions\/8559"}],"wp:attachment":[{"href":"https:\/\/www.toque-musicall.com\/index.php?rest_route=%2Fwp%2Fv2%2Fmedia&parent=8558"}],"wp:term":[{"taxonomy":"category","embeddable":true,"href":"https:\/\/www.toque-musicall.com\/index.php?rest_route=%2Fwp%2Fv2%2Fcategories&post=8558"},{"taxonomy":"post_tag","embeddable":true,"href":"https:\/\/www.toque-musicall.com\/index.php?rest_route=%2Fwp%2Fv2%2Ftags&post=8558"}],"curies":[{"name":"wp","href":"https:\/\/api.w.org\/{rel}","templated":true}]}}