{"id":8565,"date":"2021-06-21T21:07:50","date_gmt":"2021-06-22T00:07:50","guid":{"rendered":"https:\/\/www.toque-musicall.com\/?p=8565"},"modified":"2021-06-21T21:15:36","modified_gmt":"2021-06-22T00:15:36","slug":"paulo-alencar-e-sua-orquestra-melodias-e-dancas-das-americas-1961","status":"publish","type":"post","link":"https:\/\/www.toque-musicall.com\/?p=8565","title":{"rendered":"Paulo Alencar E Sua Orquestra &#8211; Melodias E Dan\u00e7as Das Am\u00e9ricas (1961)"},"content":{"rendered":"\n<figure class=\"wp-block-image size-large\"><img decoding=\"async\" src=\"https:\/\/1.bp.blogspot.com\/-mo2ixQ9Np-0\/YNEVVPVHFBI\/AAAAAAAAT3g\/VgD5ad6wLHUZB2LgiFwf0GiDwg7q8ruOQCLcBGAsYHQ\/w640-h628\/Captura%2Bde%2Btela%2B2021-06-19%2B233630.jpg\" alt=\"\"\/><\/figure>\n\n\n\n<figure class=\"wp-block-image size-large\"><img decoding=\"async\" src=\"https:\/\/1.bp.blogspot.com\/-KjN1x-hG4GY\/YNEVVMFIH0I\/AAAAAAAAT3k\/Md7EWK5QcwwXqIQJecE9I7VzJjQXn1MqQCLcBGAsYHQ\/w628-h640\/Captura%2Bde%2Btela%2B2021-06-21%2B193946.jpg\" alt=\"\"\/><\/figure>\n\n\n<div class=\"separator\">Ol\u00e1, car\u00edssimos amigos cultos e ocultos! Estou tentando n\u00e3o deixar a peteca cair, fazendo todo poss\u00edvel para n\u00e3o atrasar nas postagens e nessas, nas \u00faltimas semanas nos dedicamos a apresentar de maneira alternada, discos de 10 e 12 polegadas. E nessa, temos hoje um disco nota 10, uma bela raridade que enche os olhos e os ouvidos de colecionadores de verdade. Eis aqui um disco do m\u00fasico, compositor, instrumentista, produtor, narrador e tradutor, Paulo Alencar. Um nome hoje pouco lembrado, mas ele foi um dos maiores divulgadores da m\u00fasica brasileira nos Estados Unidos. Antes, por\u00e9m, Paulo Alencar foi um violonista cl\u00e1ssico, famoso nos &#8216;States&#8217;, tendo tocado na Sinf\u00f4nica da NBC, sob a reg\u00eancia de Arturo Toscanini. E seu nome verdadeiro era Isaac Feldman. Mas, devido a um acidente no bra\u00e7o direito, se viu impedido de seguir a brilhante carreira. Tornou-se um compositor, produtor, tradutor e narrador dos famosos jornais cinematogr\u00e1ficos, como &#8220;A Voz do Mundo Paramount&#8221;. Para essa nova faceta, mudou tamb\u00e9m de nome passando a ser conhecido como Paulo Alencar. A hist\u00f3ria desse m\u00fasico merecia um livro (se \u00e9 que j\u00e1 n\u00e3o o fizeram). Mas no texto de contracapa deste lp h\u00e1 mais informa\u00e7\u00f5es sobre ele. Paulo Alencar gravou outros v\u00e1rios discos, tanto no Brasil quanto nos Estados Unidos, onde vivia. &#8220;Melodias e Dan\u00e7as das Am\u00e9ricas&#8221;, lan\u00e7ado pela Copacabana em 1961, foi um dos disco que ele gravou com sua orquestra, conforme nos esclarece o texto, quando esteve de passagem pelo Rio de Janeiro, em f\u00e9rias, aproveitando o momento para tamb\u00e9m produzir este disco de ritmos panamericanos, uma esp\u00e9cie de leque musical com diferentes g\u00eaneros da m\u00fasica brasileira preparados especialmente para o p\u00fablico americano. Um trabalho que seguia nos moldes de discos de sucesso da \u00e9poca que exploravam sons ex\u00f3ticos, tal como faziam Martin Denny, Arthur Lyman, Les Baxter, Esquivel e outros&#8230; \u00c9 claro que n\u00e3o se trata de uma compara\u00e7\u00e3o, at\u00e9 porque, para n\u00f3s brazucas, esse repert\u00f3rio nada tem de ex\u00f3tico. Mas naquele tempo, esses eram os discos &#8216;quentes&#8217;, apreciados por audi\u00f3filos em seus modernos aparelhos estereof\u00f4nicos. A prop\u00f3sito, como podemos ver estampado na capa, este foi um dos primeiro lps realmente gravados em som est\u00e9reo e lan\u00e7ados no Brasil. Algumas das faixas deste disco s\u00e3o hoje em dia muito apreciada por dj&#8217;s estrangeiros, em especial &#8220;Capoeira na Pituba&#8221;, &#8220;El baion&#8221; e &#8220;Mulher rendeira&#8221;. Vale muito a pena conhecer este disco. Confiram no GTM&#8230;<\/div>\n<div class=\"separator\">\u00a0<\/div>\n<div class=\"separator\">capoeira na pituba<\/div>\n<div class=\"separator\">saramb\u00e1\u00a0<\/div>\n<div class=\"separator\">foi a noite<\/div>\n<div class=\"separator\">ai ai ai<\/div>\n<div class=\"separator\">meu grande amor (suzanne)<\/div>\n<div class=\"separator\">el baion<\/div>\n<div class=\"separator\">ternura antiga<\/div>\n<div class=\"separator\">pasillo colombiano<\/div>\n<div class=\"separator\">eterna lembran\u00e7a<\/div>\n<div class=\"separator\">ningu\u00e9m na rua<\/div>\n<div class=\"separator\">oba oba<\/div>\n<div class=\"separator\">mulher rendeira<\/div>\n<div class=\"separator\">\u00a0<\/div>\n<div class=\"separator\">.<\/div>","protected":false},"excerpt":{"rendered":"<p>Ol\u00e1, car\u00edssimos amigos cultos e ocultos! Estou tentando n\u00e3o deixar a peteca cair, fazendo todo poss\u00edvel para n\u00e3o atrasar nas postagens e nessas, nas \u00faltimas semanas nos dedicamos a apresentar de maneira alternada, discos de 10 e 12 polegadas. E &hellip; <a href=\"https:\/\/www.toque-musicall.com\/?p=8565\">Continue lendo <span class=\"meta-nav\">&rarr;<\/span><\/a><\/p>\n","protected":false},"author":1,"featured_media":0,"comment_status":"closed","ping_status":"closed","sticky":false,"template":"","format":"standard","meta":{"footnotes":""},"categories":[4560,152],"tags":[4561,3108],"class_list":["post-8565","post","type-post","status-publish","format-standard","hentry","category-paulo-alencar","category-selo-copacabana","tag-paulo-alencar","tag-selo-copacabana"],"_links":{"self":[{"href":"https:\/\/www.toque-musicall.com\/index.php?rest_route=\/wp\/v2\/posts\/8565","targetHints":{"allow":["GET"]}}],"collection":[{"href":"https:\/\/www.toque-musicall.com\/index.php?rest_route=\/wp\/v2\/posts"}],"about":[{"href":"https:\/\/www.toque-musicall.com\/index.php?rest_route=\/wp\/v2\/types\/post"}],"author":[{"embeddable":true,"href":"https:\/\/www.toque-musicall.com\/index.php?rest_route=\/wp\/v2\/users\/1"}],"replies":[{"embeddable":true,"href":"https:\/\/www.toque-musicall.com\/index.php?rest_route=%2Fwp%2Fv2%2Fcomments&post=8565"}],"version-history":[{"count":3,"href":"https:\/\/www.toque-musicall.com\/index.php?rest_route=\/wp\/v2\/posts\/8565\/revisions"}],"predecessor-version":[{"id":8568,"href":"https:\/\/www.toque-musicall.com\/index.php?rest_route=\/wp\/v2\/posts\/8565\/revisions\/8568"}],"wp:attachment":[{"href":"https:\/\/www.toque-musicall.com\/index.php?rest_route=%2Fwp%2Fv2%2Fmedia&parent=8565"}],"wp:term":[{"taxonomy":"category","embeddable":true,"href":"https:\/\/www.toque-musicall.com\/index.php?rest_route=%2Fwp%2Fv2%2Fcategories&post=8565"},{"taxonomy":"post_tag","embeddable":true,"href":"https:\/\/www.toque-musicall.com\/index.php?rest_route=%2Fwp%2Fv2%2Ftags&post=8565"}],"curies":[{"name":"wp","href":"https:\/\/api.w.org\/{rel}","templated":true}]}}