{"id":857,"date":"2010-05-04T10:56:00","date_gmt":"2010-05-04T10:56:00","guid":{"rendered":"http:\/\/www.toque-musicall.com\/?p=857"},"modified":"2010-05-04T10:56:00","modified_gmt":"2010-05-04T10:56:00","slug":"os-abutres-let-kiss-sd","status":"publish","type":"post","link":"https:\/\/www.toque-musicall.com\/?p=857","title":{"rendered":"Os Abutres &#8211; Let Kiss (S\/D)"},"content":{"rendered":"<p><a href=\"http:\/\/3.bp.blogspot.com\/_DSKVEvHtskc\/S9_9nM1BAbI\/AAAAAAAAGgU\/_6JgA0_jqNI\/s1600\/os+abutres+F.JPG\"><img decoding=\"async\" style=\"TEXT-ALIGN: center; MARGIN: 0px auto 10px; WIDTH: 400px; DISPLAY: block; HEIGHT: 388px; CURSOR: hand\" id=\"BLOGGER_PHOTO_ID_5467367322551386546\" border=\"0\" alt=\"\" src=\"http:\/\/3.bp.blogspot.com\/_DSKVEvHtskc\/S9_9nM1BAbI\/AAAAAAAAGgU\/_6JgA0_jqNI\/s400\/os+abutres+F.JPG\" \/><\/a> Como voc\u00eas perceber\u00e3o, os discos do selo Paladium n\u00e3o trazem data. Em algumas postagens anteriores de discos dessa s\u00e9rie, aqui no TM, os \u00e1lbuns foram datados por suposi\u00e7\u00e3o. Ainda n\u00e3o consegui descobrir a \u00e9poca certa em que as cole\u00e7\u00f5es da Paladium come\u00e7aram a sair. Sei apenas que foram a partir da segunda metade dos anos 60. Vou ver se consigo mais informa\u00e7\u00f5es com o Dirceu Cheib. Vou ligar para ele. Esta \u00e9 uma hist\u00f3ria que precisa ser contada!<br \/>Seguindo, temos para hoje, entre os mais raros, o \u00e1lbum &#8220;Let Kiss&#8221; do grupo Os Abutres. Ao que tudo indica, esses Abutres n\u00e3o s\u00e3o os mesmo do \u00e1lbum (<a href=\"http:\/\/toque-musicall.blogspot.com\/2007\/10\/os-abutres-os-abutres-atacam-1969.html\">Os Abutres Atacam<\/a>) postado aqui h\u00e1 quase tr\u00eas anos atr\u00e1s. Segundo as informa\u00e7\u00f5es da contracapa (como se valesse alguma coisa), esta foi a primeira grava\u00e7\u00e3o do grupo. O conjunto era integrado por cinco jovens (sem nomes) e a sele\u00e7\u00e3o musical feita com preocupa\u00e7\u00e3o para agradar ao p\u00fablico cativo do selo. Ainda, segundo o texto, &#8220;o certificado da qualidade do conjunto foi conquistado no &#8216;Festival da M\u00fasica Trepidante&#8217; (nunca ouvi falar), atrav\u00e9s do trof\u00e9u entregue ao Abutres pela inequ\u00edvoca vit\u00f3ria alcan\u00e7ada. Participaram do festival 14 conjuntos considerados os melhores&#8230;&#8221; A sele\u00e7\u00e3o musical \u00e9 bem na linha do famoso grupo dos anos 60, o The Pop&#8217;s. Ali\u00e1s, Os Abutres mineiros fazem bem o g\u00eanero. Tem que conferir&#8230;<\/p>\n<div align=\"center\">let kiss<\/div>\n<div align=\"center\">el relicario<\/div>\n<div align=\"center\">swing safari<\/div>\n<div align=\"center\">datemi un martelo<\/div>\n<div align=\"center\">tremedeira<\/div>\n<div align=\"center\">blue star<\/div>\n<div align=\"center\">walking<\/div>\n<div align=\"center\">v\u00f4o do abutre<\/div>\n<div align=\"center\">b\u00f4lha assassina<\/div>\n<div align=\"center\">the intruder<\/div>\n<div align=\"center\">conquistador<\/div>\n<div align=\"center\">django<\/div>\n<div align=\"center\"><\/div>\n<div align=\"center\"><\/div>\n","protected":false},"excerpt":{"rendered":"<p>Como voc\u00eas perceber\u00e3o, os discos do selo Paladium n\u00e3o trazem data. Em algumas postagens anteriores de discos dessa s\u00e9rie, aqui no TM, os \u00e1lbuns foram datados por suposi\u00e7\u00e3o. Ainda n\u00e3o consegui descobrir a \u00e9poca certa em que as cole\u00e7\u00f5es da &hellip; <a href=\"https:\/\/www.toque-musicall.com\/?p=857\">Continue lendo <span class=\"meta-nav\">&rarr;<\/span><\/a><\/p>\n","protected":false},"author":1,"featured_media":0,"comment_status":"open","ping_status":"closed","sticky":false,"template":"","format":"standard","meta":{"footnotes":""},"categories":[1168,682],"tags":[],"class_list":["post-857","post","type-post","status-publish","format-standard","hentry","category-os-abutres","category-paladium"],"_links":{"self":[{"href":"https:\/\/www.toque-musicall.com\/index.php?rest_route=\/wp\/v2\/posts\/857","targetHints":{"allow":["GET"]}}],"collection":[{"href":"https:\/\/www.toque-musicall.com\/index.php?rest_route=\/wp\/v2\/posts"}],"about":[{"href":"https:\/\/www.toque-musicall.com\/index.php?rest_route=\/wp\/v2\/types\/post"}],"author":[{"embeddable":true,"href":"https:\/\/www.toque-musicall.com\/index.php?rest_route=\/wp\/v2\/users\/1"}],"replies":[{"embeddable":true,"href":"https:\/\/www.toque-musicall.com\/index.php?rest_route=%2Fwp%2Fv2%2Fcomments&post=857"}],"version-history":[{"count":0,"href":"https:\/\/www.toque-musicall.com\/index.php?rest_route=\/wp\/v2\/posts\/857\/revisions"}],"wp:attachment":[{"href":"https:\/\/www.toque-musicall.com\/index.php?rest_route=%2Fwp%2Fv2%2Fmedia&parent=857"}],"wp:term":[{"taxonomy":"category","embeddable":true,"href":"https:\/\/www.toque-musicall.com\/index.php?rest_route=%2Fwp%2Fv2%2Fcategories&post=857"},{"taxonomy":"post_tag","embeddable":true,"href":"https:\/\/www.toque-musicall.com\/index.php?rest_route=%2Fwp%2Fv2%2Ftags&post=857"}],"curies":[{"name":"wp","href":"https:\/\/api.w.org\/{rel}","templated":true}]}}