{"id":8571,"date":"2021-06-23T22:50:49","date_gmt":"2021-06-24T01:50:49","guid":{"rendered":"http:\/\/www.toque-musicall.com\/?p=8571"},"modified":"2021-06-23T22:52:22","modified_gmt":"2021-06-24T01:52:22","slug":"leila-silva-quando-canta-leila-silva-1962","status":"publish","type":"post","link":"https:\/\/www.toque-musicall.com\/?p=8571","title":{"rendered":"Leila Silva &#8211; Quando Canta Leila Silva (1962)"},"content":{"rendered":"\n<figure class=\"wp-block-image size-large\"><img decoding=\"async\" src=\"https:\/\/1.bp.blogspot.com\/-K0IJ1b-s4gs\/YNPaIwfJhkI\/AAAAAAAAT4A\/2iyQUxVpR-0BORgK-mi2ToPpZFjgY65EQCLcBGAsYHQ\/w634-h640\/Captura%2Bde%2Btela%2B2021-06-22%2B193526.jpg\" alt=\"\"\/><\/figure>\n\n\n\n<figure class=\"wp-block-image size-large\"><img decoding=\"async\" src=\"https:\/\/1.bp.blogspot.com\/-2iK50P156NY\/YNPaI5nuXAI\/AAAAAAAAT38\/jUIip3EMA5A5s0AC5hs9rYvgDqhvhX1hACLcBGAsYHQ\/w640-h630\/Captura%2Bde%2Btela%2B2021-06-22%2B193439.jpg\" alt=\"\"\/><\/figure>\n\n\n<div class=\"separator\">Ol\u00e1, amiguinhos cultos e ocultos, muito boa noite! Vejam voc\u00eas como eu sou avoado&#8230;Estava crente que o anivers\u00e1rio do Toque Musical fosse agora neste fim de m\u00eas. Mas, na verdade, \u00e9 no dia 30 de julho. Portanto, ainda temos muitos toques antes de chegarmos l\u00e1 \ud83d\ude42<\/div>\n<div class=\"separator\">Muito bem, ent\u00e3o, o nosso encontro hoje \u00e9 com a cantora Leila Silva e seu lp de 1962, lan\u00e7ado pela Chantecler. Leila Silva (Inezilda Nonato da Silva) fez parte do cast da gravadora Chantecler onde gravou tamb\u00e9m outros discos desde o final dos anos 50. Uma cantora popular que fez um relativo sucesso e tal como outras que atuaram no r\u00e1dio e na televis\u00e3o, hoje s\u00e3o pouco lembradas, como tamb\u00e9m s\u00e3o dif\u00edceis de achar os seus discos. Assim, nada mais oportuno que um lp da Leila Silva, em quatorze faixas, entre sambas, tangos, boleros e mais&#8230; Ela vem com o acompanhamento de orquestras regidas por Elcio Alvarez e Zico Mazag\u00e3o e tamb\u00e9m com o Regional de Poly. Eis aqui um dos raros discos dessa \u00e9poca que traziam as letras das can\u00e7\u00f5es. Vamos conferir?<\/div>\n<div class=\"separator\">\u00a0<\/div>\n<div class=\"separator\">com voc\u00ea<\/div>\n<div class=\"separator\">esquece-me<\/div>\n<div class=\"separator\">libelo<\/div>\n<div class=\"separator\">promessa<\/div>\n<div class=\"separator\">perd\u00e3o pela minha dor<\/div>\n<div class=\"separator\">um minuto de amor<\/div>\n<div class=\"separator\">adeus amor<\/div>\n<div class=\"separator\">justi\u00e7a de deus<\/div>\n<div class=\"separator\">altares profanos<\/div>\n<div class=\"separator\">nossa uni\u00e3o<\/div>\n<div class=\"separator\">decis\u00e3o cruel<\/div>\n<div class=\"separator\">boite da ilus\u00e3o<\/div>\n<div class=\"separator\">assim como o rio<\/div>\n<div class=\"separator\">na solid\u00e3o do meu quarto<\/div>\n<div class=\"separator\">\u00a0<\/div>\n<div class=\"separator\">\u00a0<\/div>\n<div class=\"separator\">.<\/div>","protected":false},"excerpt":{"rendered":"<p>Ol\u00e1, amiguinhos cultos e ocultos, muito boa noite! Vejam voc\u00eas como eu sou avoado&#8230;Estava crente que o anivers\u00e1rio do Toque Musical fosse agora neste fim de m\u00eas. Mas, na verdade, \u00e9 no dia 30 de julho. Portanto, ainda temos muitos &hellip; <a href=\"https:\/\/www.toque-musicall.com\/?p=8571\">Continue lendo <span class=\"meta-nav\">&rarr;<\/span><\/a><\/p>\n","protected":false},"author":1,"featured_media":0,"comment_status":"closed","ping_status":"closed","sticky":false,"template":"","format":"standard","meta":{"footnotes":""},"categories":[4563,217],"tags":[4565,3073],"class_list":["post-8571","post","type-post","status-publish","format-standard","hentry","category-leila-silva","category-selo-chantecler","tag-leila-silva","tag-selo-chantecler"],"_links":{"self":[{"href":"https:\/\/www.toque-musicall.com\/index.php?rest_route=\/wp\/v2\/posts\/8571","targetHints":{"allow":["GET"]}}],"collection":[{"href":"https:\/\/www.toque-musicall.com\/index.php?rest_route=\/wp\/v2\/posts"}],"about":[{"href":"https:\/\/www.toque-musicall.com\/index.php?rest_route=\/wp\/v2\/types\/post"}],"author":[{"embeddable":true,"href":"https:\/\/www.toque-musicall.com\/index.php?rest_route=\/wp\/v2\/users\/1"}],"replies":[{"embeddable":true,"href":"https:\/\/www.toque-musicall.com\/index.php?rest_route=%2Fwp%2Fv2%2Fcomments&post=8571"}],"version-history":[{"count":1,"href":"https:\/\/www.toque-musicall.com\/index.php?rest_route=\/wp\/v2\/posts\/8571\/revisions"}],"predecessor-version":[{"id":8572,"href":"https:\/\/www.toque-musicall.com\/index.php?rest_route=\/wp\/v2\/posts\/8571\/revisions\/8572"}],"wp:attachment":[{"href":"https:\/\/www.toque-musicall.com\/index.php?rest_route=%2Fwp%2Fv2%2Fmedia&parent=8571"}],"wp:term":[{"taxonomy":"category","embeddable":true,"href":"https:\/\/www.toque-musicall.com\/index.php?rest_route=%2Fwp%2Fv2%2Fcategories&post=8571"},{"taxonomy":"post_tag","embeddable":true,"href":"https:\/\/www.toque-musicall.com\/index.php?rest_route=%2Fwp%2Fv2%2Ftags&post=8571"}],"curies":[{"name":"wp","href":"https:\/\/api.w.org\/{rel}","templated":true}]}}