{"id":8581,"date":"2021-06-26T22:19:34","date_gmt":"2021-06-27T01:19:34","guid":{"rendered":"https:\/\/www.toque-musicall.com\/?p=8581"},"modified":"2021-06-26T22:23:43","modified_gmt":"2021-06-27T01:23:43","slug":"a-lyra-de-xopoto-no-arraial-de-santo-antonio-1958","status":"publish","type":"post","link":"https:\/\/www.toque-musicall.com\/?p=8581","title":{"rendered":"A Lyra de Xopot\u00f3 no Arraial de Santo Ant\u00f4nio (1958)"},"content":{"rendered":"\n<figure class=\"wp-block-image size-large\"><img decoding=\"async\" src=\"https:\/\/1.bp.blogspot.com\/-EwJup103cOM\/YNfEwCY-xmI\/AAAAAAAAT5k\/ChatLmq7dhs4_vbeYhWX0SicDxegc-m3wCLcBGAsYHQ\/w640-h636\/Captura%2Bde%2Btela%2B2021-06-24%2B182421.jpg\" alt=\"\"\/><\/figure>\n\n\n\n<figure class=\"wp-block-image size-large\"><img decoding=\"async\" src=\"https:\/\/1.bp.blogspot.com\/-LWGc24QZ9cw\/YNfEwC6yFRI\/AAAAAAAAT5o\/ROl_LJsMyqgVT6vZQIvFsd7ZgoijpcqIQCLcBGAsYHQ\/w640-h640\/Captura%2Bde%2Btela%2B2021-06-24%2B182457.jpg\" alt=\"\"\/><\/figure>\n\n\n\n\n<div class=\"separator\">Al\u00f4, al\u00f4&#8230; amigos cultos e ocultos! Ontem eu levei um tombo e ao amortecer a queda com as m\u00e3os acabei quebrando um dedo. At\u00e9 ontem eu ainda conseguia digitar textos numa boa, hoje j\u00e1 complicou, estou escrevendo com apenas a m\u00e3o direita. Portanto, seremos breve&#8230;<\/div>\n<div class=\"separator\">Antes que junho acabe, vai aqui mais um disquinho dedicado as festas juninas. S\u00f3 para matar saudade, j\u00e1 que neste ano ainda estamos na pandemia e a quadrilha da vez \u00e9 a turma do Bolsonaro (argh!). Assim sendo, melhor ficar mesmo em casa, ouvindo este disquinho da querida Lyra de Xopot\u00f3. Desta vez a Lyra sai do coreto e vai para a festa de S\u00e3o Jo\u00e3o. Aqui temos uma sele\u00e7\u00e3o musical junina na interpreta\u00e7\u00e3o singela da bandinha mais famosa do Brasil. Confiram no GTM&#8230;<\/div>\n<div class=\"separator\">\u00a0<\/div>\n<div class=\"separator\">pula a fogueira<\/div>\n<div class=\"separator\">arraial de santo ant\u00f4nio<\/div>\n<div class=\"separator\">s\u00e3o jo\u00e3o a moda<\/div>\n<div class=\"separator\">noites de junho<\/div>\n<div class=\"separator\">man\u00e9 fogueteiro<\/div>\n<div class=\"separator\">hist\u00f3ria joanina<\/div>\n<div class=\"separator\">chegou a hora da fogueira<\/div>\n<div class=\"separator\">cae cae bal\u00e3o<\/div>\n<div class=\"separator\">santo ant\u00f4nio s\u00e3o pedro e s\u00e3o jo\u00e3o<\/div>\n<div class=\"separator\">isto \u00e9 l\u00e1 com santo ant\u00f4nio<\/div>\n<div class=\"separator\">pedro antonio e jo\u00e3o<\/div>\n<div class=\"separator\">pistol\u00f5es<\/div>\n<div class=\"separator\">l\u00e1 vem a rita<\/div>\n<div class=\"separator\">santo ant\u00f4nio sabe<\/div>\n<div class=\"separator\">santo ant\u00f4nio disse n\u00e3o<\/div>\n<div class=\"separator\">capelinha de mel\u00e3o<\/div>\n<div class=\"separator\">noites de junho<\/div>\n<div class=\"separator\">sonho de papel<\/div>\n<div class=\"separator\">\u00a0<\/div>\n<div class=\"separator\">\u00a0<\/div>\n<div class=\"separator\">.<\/div>","protected":false},"excerpt":{"rendered":"<p>Al\u00f4, al\u00f4&#8230; amigos cultos e ocultos! Ontem eu levei um tombo e ao amortecer a queda com as m\u00e3os acabei quebrando um dedo. At\u00e9 ontem eu ainda conseguia digitar textos numa boa, hoje j\u00e1 complicou, estou escrevendo com apenas a &hellip; <a href=\"https:\/\/www.toque-musicall.com\/?p=8581\">Continue lendo <span class=\"meta-nav\">&rarr;<\/span><\/a><\/p>\n","protected":false},"author":1,"featured_media":0,"comment_status":"closed","ping_status":"closed","sticky":false,"template":"","format":"standard","meta":{"footnotes":""},"categories":[260,261],"tags":[4567,3597],"class_list":["post-8581","post","type-post","status-publish","format-standard","hentry","category-lyra-de-xopoto","category-selo-sinter","tag-lyra-de-xopoto","tag-selo-sinter"],"_links":{"self":[{"href":"https:\/\/www.toque-musicall.com\/index.php?rest_route=\/wp\/v2\/posts\/8581","targetHints":{"allow":["GET"]}}],"collection":[{"href":"https:\/\/www.toque-musicall.com\/index.php?rest_route=\/wp\/v2\/posts"}],"about":[{"href":"https:\/\/www.toque-musicall.com\/index.php?rest_route=\/wp\/v2\/types\/post"}],"author":[{"embeddable":true,"href":"https:\/\/www.toque-musicall.com\/index.php?rest_route=\/wp\/v2\/users\/1"}],"replies":[{"embeddable":true,"href":"https:\/\/www.toque-musicall.com\/index.php?rest_route=%2Fwp%2Fv2%2Fcomments&post=8581"}],"version-history":[{"count":1,"href":"https:\/\/www.toque-musicall.com\/index.php?rest_route=\/wp\/v2\/posts\/8581\/revisions"}],"predecessor-version":[{"id":8582,"href":"https:\/\/www.toque-musicall.com\/index.php?rest_route=\/wp\/v2\/posts\/8581\/revisions\/8582"}],"wp:attachment":[{"href":"https:\/\/www.toque-musicall.com\/index.php?rest_route=%2Fwp%2Fv2%2Fmedia&parent=8581"}],"wp:term":[{"taxonomy":"category","embeddable":true,"href":"https:\/\/www.toque-musicall.com\/index.php?rest_route=%2Fwp%2Fv2%2Fcategories&post=8581"},{"taxonomy":"post_tag","embeddable":true,"href":"https:\/\/www.toque-musicall.com\/index.php?rest_route=%2Fwp%2Fv2%2Ftags&post=8581"}],"curies":[{"name":"wp","href":"https:\/\/api.w.org\/{rel}","templated":true}]}}