{"id":8601,"date":"2021-07-03T22:41:00","date_gmt":"2021-07-04T01:41:00","guid":{"rendered":"https:\/\/www.toque-musicall.com\/?p=8601"},"modified":"2021-07-04T22:46:37","modified_gmt":"2021-07-05T01:46:37","slug":"3o-festival-da-musica-popular-brasileira-vol-1-1967","status":"publish","type":"post","link":"https:\/\/www.toque-musicall.com\/?p=8601","title":{"rendered":"3\u00ba Festival Da M\u00fasica Popular Brasileira Vol. 1 (1967)"},"content":{"rendered":"\n<figure class=\"wp-block-image size-large\"><img decoding=\"async\" src=\"https:\/\/1.bp.blogspot.com\/-pBa5ayx9flE\/YOIta6HU2LI\/AAAAAAAAUDo\/0v17r7ZTfnkA2bxuaaSYLFsTuLGBphUOACLcBGAsYHQ\/w638-h640\/Captura%2Bde%2Btela%2B2021-06-22%2B134106.jpg\" alt=\"\"\/><\/figure>\n\n\n\n<figure class=\"wp-block-image size-large\"><img decoding=\"async\" src=\"https:\/\/1.bp.blogspot.com\/-RnK2mbfcf7U\/YOItbMQbnmI\/AAAAAAAAUDs\/DOIihKVJqys18DqtD_ldTXs0fF9WYN3bwCLcBGAsYHQ\/w640-h640\/Captura%2Bde%2Btela%2B2021-06-22%2B134207.jpg\" alt=\"\"\/><\/figure>\n\n\n<div class=\"separator\">Boa noite, amigos cultos e ocultos! H\u00e1 tempos eu n\u00e3o posto em nosso Toque Musical um disco de festival, n\u00e3o \u00e9 mesmo? Para dizer a verdade, se n\u00e3o consultar, sinceramente, n\u00e3o sei mais o que j\u00e1 postei por aqui. &#8220;S\u00e3o tantas emo\u00e7\u00f5es&#8221;, como diria Roberto Carlos.<\/div>\n<div class=\"separator\">Ent\u00e3o, temos para hoje o volume 1 do 3\u00ba Festival da M\u00fasica Popular Brasileira, disco lan\u00e7ado pela Philips, em 1967. Este \u00e9 mais um dos famosos festivais e de alt\u00edssima qualidade realizado pela saudosa TV Record (digo saudosa, porque o que temos hoje em dia n\u00e3o representa o que foi no passado). O evento era organizado por Solano Ribeiro e teve quatro edi\u00e7\u00f5es, de 1966 a 69. Este terceiro festival aconteceu em outubro de 1967, no antigo Teatro Paramout, em S\u00e3o Paulo. Neste lp, que \u00e9 apenas uma parte, temos doze can\u00e7\u00f5es classificadas, inclusive a m\u00fasica que ficou em primeiro lugar, &#8220;Ponteio&#8221;, de Edu Lobo e Capinan.<\/div>\n<div class=\"separator\">Em uma outra ocasi\u00e3o chegamos a postar aqui um outro disco deste festival, uma edi\u00e7\u00e3o com as doze finalistas, s\u00f3\u00a0 que era do selo Chantecler. Num pr\u00f3ximo momento eu trago os outros discos que fazem parte desta edi\u00e7\u00e3o da Philips. Por enquanto, ficamos com este volume 1 que como todos podem ver trazem as seguintes m\u00fasicas e artistas&#8230;<\/div>\n<div class=\"separator\">\u00a0<\/div>\n<div class=\"separator\">ponteio &#8211; edu lobo, marilia medalha e momentoquatro<\/div>\n<div class=\"separator\">dad\u00e1 maria &#8211; gal costa e renato teixeira<\/div>\n<div class=\"separator\">ela felcidade &#8211; claudette soares<\/div>\n<div class=\"separator\">minha gente &#8211; ronnie von<\/div>\n<div class=\"separator\">eu e a brisa &#8211; m\u00e1rcia<\/div>\n<div class=\"separator\">bom dia &#8211; gal costa<\/div>\n<div class=\"separator\">o combatente &#8211; jair rodrigues<\/div>\n<div class=\"separator\">roda viva &#8211; mpb-4<\/div>\n<div class=\"separator\">a morerinha &#8211; gilberto gil<\/div>\n<div class=\"separator\">&#8230;e fim &#8211; claudette soares<\/div>\n<div class=\"separator\">maria carnaval e cinzas &#8211; luiz carlos paran\u00e1<\/div>\n<div class=\"separator\">o milagre &#8211; jo\u00e3o mello<\/div>\n<div class=\"separator\">\u00a0<\/div>\n<div class=\"separator\">\u00a0<\/div>\n<div class=\"separator\">.<\/div>","protected":false},"excerpt":{"rendered":"<p>Boa noite, amigos cultos e ocultos! H\u00e1 tempos eu n\u00e3o posto em nosso Toque Musical um disco de festival, n\u00e3o \u00e9 mesmo? Para dizer a verdade, se n\u00e3o consultar, sinceramente, n\u00e3o sei mais o que j\u00e1 postei por aqui. &#8220;S\u00e3o &hellip; <a href=\"https:\/\/www.toque-musicall.com\/?p=8601\">Continue lendo <span class=\"meta-nav\">&rarr;<\/span><\/a><\/p>\n","protected":false},"author":1,"featured_media":0,"comment_status":"closed","ping_status":"closed","sticky":false,"template":"","format":"standard","meta":{"footnotes":""},"categories":[4579,278,48],"tags":[4580,3364,3012],"class_list":["post-8601","post","type-post","status-publish","format-standard","hentry","category-3o-festival-da-musica-popular-brasileira","category-festivais","category-selo-philips","tag-3o-festival-da-musica-popular-brasileira","tag-festivais","tag-selo-philips"],"_links":{"self":[{"href":"https:\/\/www.toque-musicall.com\/index.php?rest_route=\/wp\/v2\/posts\/8601","targetHints":{"allow":["GET"]}}],"collection":[{"href":"https:\/\/www.toque-musicall.com\/index.php?rest_route=\/wp\/v2\/posts"}],"about":[{"href":"https:\/\/www.toque-musicall.com\/index.php?rest_route=\/wp\/v2\/types\/post"}],"author":[{"embeddable":true,"href":"https:\/\/www.toque-musicall.com\/index.php?rest_route=\/wp\/v2\/users\/1"}],"replies":[{"embeddable":true,"href":"https:\/\/www.toque-musicall.com\/index.php?rest_route=%2Fwp%2Fv2%2Fcomments&post=8601"}],"version-history":[{"count":1,"href":"https:\/\/www.toque-musicall.com\/index.php?rest_route=\/wp\/v2\/posts\/8601\/revisions"}],"predecessor-version":[{"id":8602,"href":"https:\/\/www.toque-musicall.com\/index.php?rest_route=\/wp\/v2\/posts\/8601\/revisions\/8602"}],"wp:attachment":[{"href":"https:\/\/www.toque-musicall.com\/index.php?rest_route=%2Fwp%2Fv2%2Fmedia&parent=8601"}],"wp:term":[{"taxonomy":"category","embeddable":true,"href":"https:\/\/www.toque-musicall.com\/index.php?rest_route=%2Fwp%2Fv2%2Fcategories&post=8601"},{"taxonomy":"post_tag","embeddable":true,"href":"https:\/\/www.toque-musicall.com\/index.php?rest_route=%2Fwp%2Fv2%2Ftags&post=8601"}],"curies":[{"name":"wp","href":"https:\/\/api.w.org\/{rel}","templated":true}]}}