{"id":8610,"date":"2021-07-07T22:02:00","date_gmt":"2021-07-08T01:02:00","guid":{"rendered":"https:\/\/www.toque-musicall.com\/?p=8610"},"modified":"2021-07-08T22:05:23","modified_gmt":"2021-07-09T01:05:23","slug":"fogo-fatuo-1981","status":"publish","type":"post","link":"https:\/\/www.toque-musicall.com\/?p=8610","title":{"rendered":"Fogo F\u00e1tuo (1981)"},"content":{"rendered":"\n<figure class=\"wp-block-image size-large\"><img decoding=\"async\" src=\"https:\/\/1.bp.blogspot.com\/-yIZp1YDuGic\/YOZcAL8s2sI\/AAAAAAAAUEo\/vMZ9FlQ84owCpD_1gG_qAsAN7nOsILzZACLcBGAsYHQ\/w638-h640\/Captura%2Bde%2Btela%2B2021-07-07%2B225331.jpg\" alt=\"\"\/><\/figure>\n\n\n\n<figure class=\"wp-block-image size-large\"><img decoding=\"async\" src=\"https:\/\/1.bp.blogspot.com\/-l8K8xK2vgU8\/YOZb_4rst1I\/AAAAAAAAUEs\/xf7SF4Jt0f07ycsEbHlOWo6pJD8-JGbggCLcBGAsYHQ\/w638-h640\/Captura%2Bde%2Btela%2B2021-07-07%2B225421.jpg\" alt=\"\"\/><\/figure>\n\n\n<div class=\"separator\">Ol\u00e1, meus prezados amigos cultos e ocultos! Aqui estamos n\u00f3s em mais uma postagem di\u00e1ria, mantendo a linha e a forma&#8230; E desta vez temos este interessante disco do grupo Fogo F\u00e1tuo. Este \u00e9 mais um daqueles discos que a gente tem que sair procurando as informa\u00e7\u00f5es como detetive, de forma picada e juntando as pe\u00e7as. Isso geralmente acontece para produ\u00e7\u00f5es obscuras e independente. O grupo Fogo F\u00e1tuo segue por a\u00ed, pois foi o primeiro e \u00fanico disco lan\u00e7ado por este grupo surgido em Franca (SP) no final dos anos 70. Ao que se sabe, o Fogo F\u00e1tuo era a sensa\u00e7\u00e3o da cidade, um conjunto com uma pegada na linha do rock rural, com m\u00fasicas pr\u00f3prias, bem comum naqueles tempos. Batalhando daqui e dali, a mo\u00e7ada da banda conseguiu realizar a dif\u00edcil fa\u00e7anha de gravar um disco. Segundo contam, alugaram um est\u00fadio em S\u00e3o Paulo onde, durante tr\u00eas meses, nos fins de semana, conseguiram fazer as grava\u00e7\u00f5es. Devido aos recursos um tanto escassos, s\u00f3 conseguiram gravar e lan\u00e7ar em disco quatro m\u00fasicas. Uma pena, pois o Fogo F\u00e1tuo era mesmo um conjunto muito bom, com m\u00fasicas boas e letras tamb\u00e9m. At\u00e9 a capa \u00e9 tamb\u00e9m muito boa, chama logo a aten\u00e7\u00e3o. Contudo, mesmo assim, o grupo n\u00e3o deslanchou e por motivos que eu n\u00e3o fa\u00e7o ideia, acabou. Por\u00e9m, a chama do Fogo F\u00e1tuo, vez por outra se acende. Em 2006 eles se reuniram novamente para apresenta\u00e7\u00f5es na cidade natal. Beto Eliezer, um dos componentes do grupo continua ativo na m\u00fasica e j\u00e1 lan\u00e7ou v\u00e1rios cds, \u00c9 atrav\u00e9s de sua p\u00e1gina no Facebook que podemos ter uma ideia de sua produ\u00e7\u00e3o. Muito interessante, vale a pena conhecer. E quanto ao disco, voc\u00eas j\u00e1 sabem, confiram no GTM&#8230;<\/div>\n<div class=\"separator\">\u00a0<\/div>\n<div class=\"separator\">l\u00e1grimas de saudade dos beatles<\/div>\n<div class=\"separator\">lusco fusco<\/div>\n<div class=\"separator\">abra um sorriso<\/div>\n<div class=\"separator\">p\u00e9 na estrada<\/div>\n<div class=\"separator\">\u00a0<\/div>\n<div class=\"separator\">.<\/div>","protected":false},"excerpt":{"rendered":"<p>Ol\u00e1, meus prezados amigos cultos e ocultos! Aqui estamos n\u00f3s em mais uma postagem di\u00e1ria, mantendo a linha e a forma&#8230; E desta vez temos este interessante disco do grupo Fogo F\u00e1tuo. Este \u00e9 mais um daqueles discos que a &hellip; <a href=\"https:\/\/www.toque-musicall.com\/?p=8610\">Continue lendo <span class=\"meta-nav\">&rarr;<\/span><\/a><\/p>\n","protected":false},"author":1,"featured_media":0,"comment_status":"closed","ping_status":"closed","sticky":false,"template":"","format":"standard","meta":{"footnotes":""},"categories":[4585,25],"tags":[4586,3017],"class_list":["post-8610","post","type-post","status-publish","format-standard","hentry","category-fogo-fatuo","category-selo-independente","tag-fogo-fatuo","tag-selo-independente"],"_links":{"self":[{"href":"https:\/\/www.toque-musicall.com\/index.php?rest_route=\/wp\/v2\/posts\/8610","targetHints":{"allow":["GET"]}}],"collection":[{"href":"https:\/\/www.toque-musicall.com\/index.php?rest_route=\/wp\/v2\/posts"}],"about":[{"href":"https:\/\/www.toque-musicall.com\/index.php?rest_route=\/wp\/v2\/types\/post"}],"author":[{"embeddable":true,"href":"https:\/\/www.toque-musicall.com\/index.php?rest_route=\/wp\/v2\/users\/1"}],"replies":[{"embeddable":true,"href":"https:\/\/www.toque-musicall.com\/index.php?rest_route=%2Fwp%2Fv2%2Fcomments&post=8610"}],"version-history":[{"count":1,"href":"https:\/\/www.toque-musicall.com\/index.php?rest_route=\/wp\/v2\/posts\/8610\/revisions"}],"predecessor-version":[{"id":8611,"href":"https:\/\/www.toque-musicall.com\/index.php?rest_route=\/wp\/v2\/posts\/8610\/revisions\/8611"}],"wp:attachment":[{"href":"https:\/\/www.toque-musicall.com\/index.php?rest_route=%2Fwp%2Fv2%2Fmedia&parent=8610"}],"wp:term":[{"taxonomy":"category","embeddable":true,"href":"https:\/\/www.toque-musicall.com\/index.php?rest_route=%2Fwp%2Fv2%2Fcategories&post=8610"},{"taxonomy":"post_tag","embeddable":true,"href":"https:\/\/www.toque-musicall.com\/index.php?rest_route=%2Fwp%2Fv2%2Ftags&post=8610"}],"curies":[{"name":"wp","href":"https:\/\/api.w.org\/{rel}","templated":true}]}}