{"id":8613,"date":"2021-07-08T22:31:00","date_gmt":"2021-07-09T01:31:00","guid":{"rendered":"https:\/\/www.toque-musicall.com\/?p=8613"},"modified":"2021-07-10T22:38:59","modified_gmt":"2021-07-11T01:38:59","slug":"jose-luciano-e-seu-piano-sambas-1955","status":"publish","type":"post","link":"https:\/\/www.toque-musicall.com\/?p=8613","title":{"rendered":"Jos\u00e9 Luciano E Seu Piano &#8211; Sambas (1955)"},"content":{"rendered":"\n<figure class=\"wp-block-image size-large\"><img decoding=\"async\" src=\"https:\/\/1.bp.blogspot.com\/-LbzW3yB3UcQ\/YOfAZUjGrTI\/AAAAAAAAUFA\/r32brwCPWvA_yaydiF5XHQvia30-FNULACLcBGAsYHQ\/w640-h630\/Captura%2Bde%2Btela%2B2021-07-08%2B233327.jpg\" alt=\"\"\/><\/figure>\n\n\n\n<figure class=\"wp-block-image size-large\"><img decoding=\"async\" src=\"https:\/\/1.bp.blogspot.com\/-bUp_yeeooCI\/YOfAZdcrBmI\/AAAAAAAAUE8\/yNO3Q_zmQwglArfHW9E4eMO0DmnQ_8bmwCLcBGAsYHQ\/w638-h640\/Captura%2Bde%2Btela%2B2021-07-08%2B232642.jpg\" alt=\"\"\/><\/figure>\n\n\n<div class=\"separator\">Amigos cultos e ocultos, c\u00e1 estamos, ainda na dobradinha, alternando discos de dez e doze polegadas. Hoje \u00e9 dia dos pequenos. E aqui temos este lp do pianista e compositor Jos\u00e9 Luciano. Vindo do Cear\u00e1, de uma\u00a0tradicional\u00a0fam\u00edlia de Fortaleza, iniciou os estudos de piano ainda na inf\u00e2ncia, Na adolesc\u00eancia\u00a0 veio morar no Rio de Janeiro, onde se encontrou totalmente com a m\u00fasica. Tocou no r\u00e1dio e na televis\u00e3o e tamb\u00e9m em boates. Acompanhou os mais diversos artistas e seu piano est\u00e1 presente em muitos discos famosos. J\u00e1 tivemos a oportunidade de postar aqui um outro disco dele, de 1957, pelo selo Copacabana. Neste lp &#8220;Sambas&#8221;, lan\u00e7ado em 55 pelo selo Mocambo, nosso artista nos apresenta um repert\u00f3rio de oito seletos sambas, cl\u00e1ssicos, que sempre \u00e9 bom reviver. Confiram no GTM&#8230;<\/div>\n<div class=\"separator\">\u00a0<\/div>\n<div class=\"separator\">nem eu\u00a0<\/div>\n<div class=\"separator\">de cigarro em cigarro<\/div>\n<div class=\"separator\">palpite infeliz<\/div>\n<div class=\"separator\">copacabana<\/div>\n<div class=\"separator\">carinhoso<\/div>\n<div class=\"separator\">feiti\u00e7o da vila<\/div>\n<div class=\"separator\">risque<\/div>\n<div class=\"separator\">aquarela do brasil<\/div>\n<div class=\"separator\">\u00a0<\/div>\n<div class=\"separator\">.\u00a0<\/div>","protected":false},"excerpt":{"rendered":"<p>Amigos cultos e ocultos, c\u00e1 estamos, ainda na dobradinha, alternando discos de dez e doze polegadas. Hoje \u00e9 dia dos pequenos. E aqui temos este lp do pianista e compositor Jos\u00e9 Luciano. Vindo do Cear\u00e1, de uma\u00a0tradicional\u00a0fam\u00edlia de Fortaleza, iniciou &hellip; <a href=\"https:\/\/www.toque-musicall.com\/?p=8613\">Continue lendo <span class=\"meta-nav\">&rarr;<\/span><\/a><\/p>\n","protected":false},"author":1,"featured_media":0,"comment_status":"closed","ping_status":"closed","sticky":false,"template":"","format":"standard","meta":{"footnotes":""},"categories":[837,184],"tags":[4589,3076],"class_list":["post-8613","post","type-post","status-publish","format-standard","hentry","category-jose-luciano","category-selo-mocambo","tag-jose-luciano","tag-selo-mocambo"],"_links":{"self":[{"href":"https:\/\/www.toque-musicall.com\/index.php?rest_route=\/wp\/v2\/posts\/8613","targetHints":{"allow":["GET"]}}],"collection":[{"href":"https:\/\/www.toque-musicall.com\/index.php?rest_route=\/wp\/v2\/posts"}],"about":[{"href":"https:\/\/www.toque-musicall.com\/index.php?rest_route=\/wp\/v2\/types\/post"}],"author":[{"embeddable":true,"href":"https:\/\/www.toque-musicall.com\/index.php?rest_route=\/wp\/v2\/users\/1"}],"replies":[{"embeddable":true,"href":"https:\/\/www.toque-musicall.com\/index.php?rest_route=%2Fwp%2Fv2%2Fcomments&post=8613"}],"version-history":[{"count":1,"href":"https:\/\/www.toque-musicall.com\/index.php?rest_route=\/wp\/v2\/posts\/8613\/revisions"}],"predecessor-version":[{"id":8614,"href":"https:\/\/www.toque-musicall.com\/index.php?rest_route=\/wp\/v2\/posts\/8613\/revisions\/8614"}],"wp:attachment":[{"href":"https:\/\/www.toque-musicall.com\/index.php?rest_route=%2Fwp%2Fv2%2Fmedia&parent=8613"}],"wp:term":[{"taxonomy":"category","embeddable":true,"href":"https:\/\/www.toque-musicall.com\/index.php?rest_route=%2Fwp%2Fv2%2Fcategories&post=8613"},{"taxonomy":"post_tag","embeddable":true,"href":"https:\/\/www.toque-musicall.com\/index.php?rest_route=%2Fwp%2Fv2%2Ftags&post=8613"}],"curies":[{"name":"wp","href":"https:\/\/api.w.org\/{rel}","templated":true}]}}