{"id":8615,"date":"2021-07-09T22:34:00","date_gmt":"2021-07-10T01:34:00","guid":{"rendered":"https:\/\/www.toque-musicall.com\/?p=8615"},"modified":"2021-07-11T09:14:04","modified_gmt":"2021-07-11T12:14:04","slug":"veronica-sabino-metamorfose-1985","status":"publish","type":"post","link":"https:\/\/www.toque-musicall.com\/?p=8615","title":{"rendered":"Ver\u00f4nica Sabino &#8211; Metamorfose (1985)"},"content":{"rendered":"\n<figure class=\"wp-block-image size-large\"><img decoding=\"async\" src=\"https:\/\/1.bp.blogspot.com\/-ChCewzj4KsU\/YOpEcoUxTAI\/AAAAAAAAUFM\/ToHZOLYvGKMvxRj8_AvUKywqKzknIr6EQCLcBGAsYHQ\/w640-h636\/Captura%2Bde%2Btela%2B2021-07-07%2B224538.jpg\" alt=\"\"\/><\/figure>\n\n\n\n<figure class=\"wp-block-image size-large\"><img decoding=\"async\" src=\"https:\/\/1.bp.blogspot.com\/-17ogGa1uMy8\/YOpEcrN4CzI\/AAAAAAAAUFI\/5dwA-gywpgUAQw8_33mRWDF_dn6b0SGXgCLcBGAsYHQ\/w636-h640\/Captura%2Bde%2Btela%2B2021-07-07%2B224429.jpg\" alt=\"\"\/><\/figure>\n\n\n<div class=\"separator\">Boa noite, meus caros amigos cultos e ocultos! E aqui vamos n\u00f3s, o Toque Musical sendo o Toque Musical, variado e variando&#8230; \ud83d\ude42 Trazemos hoje a cantora e compositora carioca, Ver\u00f4nica Sabino, filha do escritor Fernando Sabino. Cantora de muito talento, ela antes fazia parte do grupo vocal C\u00e9u da Boca, com o qual gravou dois discos. Em 1985 ela partiu para a carreira solo, lan\u00e7ando seu primeiro lp, o &#8220;Metamorfose&#8221;, pelo selo Philips. Disco bem produzido, com participa\u00e7\u00f5es de m\u00fasicos de primeir\u00edssima linha como Luiz Avellar, Ricardo Silveira, Ivan Lins, Leo Gandelman, Carlos Bala, Pisca, Pascoal Meirelles, Kiko Ferreira e mais&#8230; Um repert\u00f3rio tamb\u00e9m de qualidade e com algumas m\u00fasicas at\u00e9 bem conhecidas do p\u00fablico, trazendo como destaque &#8220;Metamorfose Ambulante&#8221;, de Raul Seixas, que de certa forma d\u00e1 nome ao disco. Trabalho bacana que vale a pena conferir \ud83d\ude09<\/div>\n<div class=\"separator\">&nbsp;<\/div>\n<div class=\"separator\">metamorfose ambulante<\/div>\n<div class=\"separator\">vitoriosa<\/div>\n<div class=\"separator\">dois mil e \u00edndio<\/div>\n<div class=\"separator\">palco<\/div>\n<div class=\"separator\">samba do avi\u00e3o<\/div>\n<div class=\"separator\">her\u00f3is<\/div>\n<div class=\"separator\">achados e perdidos<\/div>\n<div class=\"separator\">muito rom\u00e2ntico<\/div>\n<div class=\"separator\">coisa feita&nbsp;<\/div>\n<div class=\"separator\">rebento<\/div>\n<div class=\"separator\">&nbsp;<\/div>\n<div class=\"separator\">.<\/div>\n<div>&nbsp;<\/div>","protected":false},"excerpt":{"rendered":"<p>Boa noite, meus caros amigos cultos e ocultos! E aqui vamos n\u00f3s, o Toque Musical sendo o Toque Musical, variado e variando&#8230; \ud83d\ude42 Trazemos hoje a cantora e compositora carioca, Ver\u00f4nica Sabino, filha do escritor Fernando Sabino. Cantora de muito &hellip; <a href=\"https:\/\/www.toque-musicall.com\/?p=8615\">Continue lendo <span class=\"meta-nav\">&rarr;<\/span><\/a><\/p>\n","protected":false},"author":1,"featured_media":0,"comment_status":"closed","ping_status":"closed","sticky":false,"template":"","format":"standard","meta":{"footnotes":""},"categories":[48,4587],"tags":[3012,4588],"class_list":["post-8615","post","type-post","status-publish","format-standard","hentry","category-selo-philips","category-veronica-sabino","tag-selo-philips","tag-veronica-sabino"],"_links":{"self":[{"href":"https:\/\/www.toque-musicall.com\/index.php?rest_route=\/wp\/v2\/posts\/8615","targetHints":{"allow":["GET"]}}],"collection":[{"href":"https:\/\/www.toque-musicall.com\/index.php?rest_route=\/wp\/v2\/posts"}],"about":[{"href":"https:\/\/www.toque-musicall.com\/index.php?rest_route=\/wp\/v2\/types\/post"}],"author":[{"embeddable":true,"href":"https:\/\/www.toque-musicall.com\/index.php?rest_route=\/wp\/v2\/users\/1"}],"replies":[{"embeddable":true,"href":"https:\/\/www.toque-musicall.com\/index.php?rest_route=%2Fwp%2Fv2%2Fcomments&post=8615"}],"version-history":[{"count":2,"href":"https:\/\/www.toque-musicall.com\/index.php?rest_route=\/wp\/v2\/posts\/8615\/revisions"}],"predecessor-version":[{"id":8622,"href":"https:\/\/www.toque-musicall.com\/index.php?rest_route=\/wp\/v2\/posts\/8615\/revisions\/8622"}],"wp:attachment":[{"href":"https:\/\/www.toque-musicall.com\/index.php?rest_route=%2Fwp%2Fv2%2Fmedia&parent=8615"}],"wp:term":[{"taxonomy":"category","embeddable":true,"href":"https:\/\/www.toque-musicall.com\/index.php?rest_route=%2Fwp%2Fv2%2Fcategories&post=8615"},{"taxonomy":"post_tag","embeddable":true,"href":"https:\/\/www.toque-musicall.com\/index.php?rest_route=%2Fwp%2Fv2%2Ftags&post=8615"}],"curies":[{"name":"wp","href":"https:\/\/api.w.org\/{rel}","templated":true}]}}