{"id":862,"date":"2010-04-30T21:07:00","date_gmt":"2010-04-30T21:07:00","guid":{"rendered":"http:\/\/www.toque-musicall.com\/?p=862"},"modified":"2010-04-30T21:07:00","modified_gmt":"2010-04-30T21:07:00","slug":"tatiana-monteiro-tati-canta-2010","status":"publish","type":"post","link":"https:\/\/www.toque-musicall.com\/?p=862","title":{"rendered":"Tatiana Monteiro &#8211; Tati Canta (2010)"},"content":{"rendered":"<p><a href=\"http:\/\/3.bp.blogspot.com\/_DSKVEvHtskc\/S9tHAi8f-RI\/AAAAAAAAGeI\/bhClqVwVuBU\/s1600\/folder.jpg\"><img decoding=\"async\" style=\"TEXT-ALIGN: center; MARGIN: 0px auto 10px; WIDTH: 400px; DISPLAY: block; HEIGHT: 378px; CURSOR: pointer\" id=\"BLOGGER_PHOTO_ID_5466040647450360082\" border=\"0\" alt=\"\" src=\"http:\/\/3.bp.blogspot.com\/_DSKVEvHtskc\/S9tHAi8f-RI\/AAAAAAAAGeI\/bhClqVwVuBU\/s400\/folder.jpg\" \/><\/a>Ol\u00e1! Hoje est\u00e1 sendo mais um desses dias dif\u00edceis para mim. Embora seja sexta feira, estou me sentindo como se fosse uma segunda brava. Aproveito o tempinho do caf\u00e9 da tarde para fazer a postagem do dia. Se n\u00e3o for agora, hoje n\u00e3o tem mais&#8230; Com \u00e9 sexta feira, dia do artista\/disco independente, n\u00e3o posso dar o bolo. Reservei para o dia de hoje o nosso encontro com a cantora pernambucana Tatiana Monteiro. Ela ainda \u00e9 pouco conhecida aqui para as bandas do sul. S\u00f3 recentemente \u00e9 que vim conhecer o seu trabalho. Segundo as informa\u00e7\u00f5es que eu recebi, Tati, que tamb\u00e9m e compositora, estreou em disco (cd) em 2001, numa colet\u00e2nea de m\u00fasicas carnavalescas classificadas num concurso promovido pela Prefeitura do Recife. De l\u00e1 para c\u00e1 ela fez muitas outras coisas, n\u00e3o apenas se dedicou \u00e0 m\u00fasica de carnaval, mas tamb\u00e9m abriu o leque cantando bossa nova, regional, jazz, m\u00fasicas francesas e muito mais. Tatiana faz parte do &#8220;Bande Cin\u00e9&#8221;, um grupo dedicado a interpretar cl\u00e1ssicos musicais do cinema americano. No disco, um cd lan\u00e7ado apenas para o amigos, temos reunidos todos esses momentos. S\u00e3o 16 m\u00fasicas, sendo algumas de sua autoria. Poderemos ver e ouvir Tatiana Monteiro em diferentes fases. A cantora tem uma bela voz e um estilo bem pr\u00f3rpio. Ela canta e encanta. Podem conferir que eu garanto \ud83d\ude09<\/p>\n<div align=\"center\">estrela colombina<\/div>\n<div align=\"center\">encontro do blocos<\/div>\n<div align=\"center\">de purpurina<\/div>\n<div align=\"center\">let&#8217;s do it<\/div>\n<div align=\"center\">summertime<\/div>\n<div align=\"center\">fly me to the moon<\/div>\n<div align=\"center\">temptation<\/div>\n<div align=\"center\">night and day<\/div>\n<div align=\"center\">dindi<\/div>\n<div align=\"center\">s\u00f3 dan\u00e7o samba<\/div>\n<div align=\"center\">wave<\/div>\n<div align=\"center\">lua cheia<\/div>\n<div align=\"center\">caminhos de vidro<\/div>\n<div align=\"center\">paroles, paroles<\/div>\n<div align=\"center\">tu veux ou tu veux pas<\/div>\n<div align=\"center\">y&#8217;a du soleil \u00e0 vendre<\/div>\n<div align=\"center\"> <\/div>\n<div align=\"center\"> <\/div>\n","protected":false},"excerpt":{"rendered":"<p>Ol\u00e1! Hoje est\u00e1 sendo mais um desses dias dif\u00edceis para mim. Embora seja sexta feira, estou me sentindo como se fosse uma segunda brava. Aproveito o tempinho do caf\u00e9 da tarde para fazer a postagem do dia. Se n\u00e3o for &hellip; <a href=\"https:\/\/www.toque-musicall.com\/?p=862\">Continue lendo <span class=\"meta-nav\">&rarr;<\/span><\/a><\/p>\n","protected":false},"author":1,"featured_media":0,"comment_status":"open","ping_status":"closed","sticky":false,"template":"","format":"standard","meta":{"footnotes":""},"categories":[1173],"tags":[],"class_list":["post-862","post","type-post","status-publish","format-standard","hentry","category-tatiana-monteiro"],"_links":{"self":[{"href":"https:\/\/www.toque-musicall.com\/index.php?rest_route=\/wp\/v2\/posts\/862","targetHints":{"allow":["GET"]}}],"collection":[{"href":"https:\/\/www.toque-musicall.com\/index.php?rest_route=\/wp\/v2\/posts"}],"about":[{"href":"https:\/\/www.toque-musicall.com\/index.php?rest_route=\/wp\/v2\/types\/post"}],"author":[{"embeddable":true,"href":"https:\/\/www.toque-musicall.com\/index.php?rest_route=\/wp\/v2\/users\/1"}],"replies":[{"embeddable":true,"href":"https:\/\/www.toque-musicall.com\/index.php?rest_route=%2Fwp%2Fv2%2Fcomments&post=862"}],"version-history":[{"count":0,"href":"https:\/\/www.toque-musicall.com\/index.php?rest_route=\/wp\/v2\/posts\/862\/revisions"}],"wp:attachment":[{"href":"https:\/\/www.toque-musicall.com\/index.php?rest_route=%2Fwp%2Fv2%2Fmedia&parent=862"}],"wp:term":[{"taxonomy":"category","embeddable":true,"href":"https:\/\/www.toque-musicall.com\/index.php?rest_route=%2Fwp%2Fv2%2Fcategories&post=862"},{"taxonomy":"post_tag","embeddable":true,"href":"https:\/\/www.toque-musicall.com\/index.php?rest_route=%2Fwp%2Fv2%2Ftags&post=862"}],"curies":[{"name":"wp","href":"https:\/\/api.w.org\/{rel}","templated":true}]}}