{"id":8631,"date":"2021-07-15T15:07:00","date_gmt":"2021-07-15T18:07:00","guid":{"rendered":"https:\/\/www.toque-musicall.com\/?p=8631"},"modified":"2021-07-19T15:15:12","modified_gmt":"2021-07-19T18:15:12","slug":"tiradentes-nosso-heroi-1984","status":"publish","type":"post","link":"https:\/\/www.toque-musicall.com\/?p=8631","title":{"rendered":"Tiradentes Nosso Her\u00f3i (1984)"},"content":{"rendered":"\n<figure class=\"wp-block-image size-large\"><img decoding=\"async\" src=\"https:\/\/1.bp.blogspot.com\/-BhTjBbmfUx8\/YPK7b-n8UcI\/AAAAAAAAUG0\/GhPJI4o59BwryyX1P3sRWWNV1sHNfKD4gCLcBGAsYHQ\/w640-h640\/Captura%2Bde%2Btela%2B2021-07-17%2B081137.jpg\" alt=\"\"\/><\/figure>\n\n\n\n<figure class=\"wp-block-image size-large\"><img decoding=\"async\" src=\"https:\/\/1.bp.blogspot.com\/-saA9DAVKyls\/YPK7b4cX9PI\/AAAAAAAAUG4\/ypAJmM-RdY4iEzG5fmy2nVtTWEXmDl2eACLcBGAsYHQ\/w636-h640\/Captura%2Bde%2Btela%2B2021-07-17%2B081030.jpg\" alt=\"\"\/><\/figure>\n\n\n<div class=\"separator\">Bom dia a todos, amigos cultos e ocultos! Sem muita delongas, vamos n\u00f3s aqui&#8230; Hoje o nosso encontro \u00e9 com Tiradentes, o nosso her\u00f3i. Temos aqui uma proposta m\u00fasico-teatral cujo o tema \u00e9 a hist\u00f3ria de Joaquim Jos\u00e9 da Silva Xavier, o Tiradentes. Este \u00e9 o pano de fundo para esta produ\u00e7\u00e3o musical que tem na ponta o trabalho de Wagner Tiso, como diretor musical e dire\u00e7\u00e3o art\u00edstica de Mazola. &#8220;Tiradentes Nosso Her\u00f3i&#8221; \u00e9 mesmo uma super produ\u00e7\u00e3o, pois para tal, envolveu tamb\u00e9m a participa\u00e7\u00e3o de outros v\u00e1rios artistas, nomes de peso como Beto Guedes, Gonzaguinha, Kleiton &amp; Kledir, Milton Nascimento, Zizi Possi, Tunai, Jo\u00e3o Bosco, MPB-4&#8230; e tem mais&#8230;<\/div>\n<div class=\"separator\">&#8220;Tiradentes, Nosso Her\u00f3i&#8221; \u00e9 um disco bem bonito, com m\u00fasicas selecionadas, algumas at\u00e9 j\u00e1 bem conhecidas do p\u00fablico e em novos arranjos. Outro ponto interessante deste \u00e1lbum \u00e9 tamb\u00e9m uma proposta l\u00fadica e c\u00eanica, ao estilo do teatro grego, com direito a m\u00e1scara com o rosto de Tiradentes onde podemos encenar Tiradentes, Nosso Her\u00f3i. Tudo inclu\u00eddo nos encartes presentes no \u00e1lbum. E aqui, voc\u00eas j\u00e1 sabem, o servi\u00e7o tamb\u00e9m \u00e9 completo. Confiram no GTM&#8230;<\/div>\n<div class=\"separator\">\u00a0<\/div>\n<div class=\"separator\">quem cochicha &#8211; viva voz<\/div>\n<div class=\"separator\">nosso her\u00f3i &#8211; beto guedes<\/div>\n<div class=\"separator\">trai\u00e7\u00e3o &#8211; mpb-4<\/div>\n<div class=\"separator\">sinh\u00e1 olimpia &#8211; tania alves e cia<\/div>\n<div class=\"separator\">cora\u00e7\u00e3o civil &#8211; tadeu franco<\/div>\n<div class=\"separator\">ponte dos suspiros &#8211; zizi possi e tunai<\/div>\n<div class=\"separator\">cora\u00e7\u00e3o de estudante &#8211; milton nascimento<\/div>\n<div class=\"separator\">l\u00edngua enrolada &#8211; tania alves e\u00a0 cia<\/div>\n<div class=\"separator\">liberdade &#8211; jo\u00e3o bosco<\/div>\n<div class=\"separator\">sonho brasis &#8211; gonzaguinha<\/div>\n<div class=\"separator\">meu rico dinheirinho &#8211; kleiton e kleidir<\/div>\n<div class=\"separator\">\u00a0<\/div>\n<div class=\"separator\">\u00a0<\/div>\n<div class=\"separator\">.<\/div>","protected":false},"excerpt":{"rendered":"<p>Bom dia a todos, amigos cultos e ocultos! Sem muita delongas, vamos n\u00f3s aqui&#8230; Hoje o nosso encontro \u00e9 com Tiradentes, o nosso her\u00f3i. Temos aqui uma proposta m\u00fasico-teatral cujo o tema \u00e9 a hist\u00f3ria de Joaquim Jos\u00e9 da Silva &hellip; <a href=\"https:\/\/www.toque-musicall.com\/?p=8631\">Continue lendo <span class=\"meta-nav\">&rarr;<\/span><\/a><\/p>\n","protected":false},"author":1,"featured_media":0,"comment_status":"closed","ping_status":"closed","sticky":false,"template":"","format":"standard","meta":{"footnotes":""},"categories":[1803,784,134,4617,322,51,576,2972,4614,4616,3406,1182,572,479],"tags":[4610,4607,4140,4618,3232,3365,4612,4605,4608,4609,3407,4606,3233,4613],"class_list":["post-8631","post","type-post","status-publish","format-standard","hentry","category-beto-guedes","category-gonzaguinha","category-joao-bosco","category-kleiton-kledir","category-milton-nascimento","category-mpb-4","category-selo-barclay","category-tadeu-franco","category-tania-alves","category-tiradentes-nosso-heroi","category-tunai","category-viva-voz","category-wagner-tiso","category-zizi-possi","tag-beto-guedes","tag-gonzaguinha","tag-joao-bosco","tag-kleiton-kledir","tag-milton-nascimento","tag-mpb-4","tag-selo-barclay","tag-tadeu-franco","tag-tania-alves","tag-tiradentes-nosso-heroi","tag-tunai","tag-viva-voz","tag-wagner-tiso","tag-zizi-possi"],"_links":{"self":[{"href":"https:\/\/www.toque-musicall.com\/index.php?rest_route=\/wp\/v2\/posts\/8631","targetHints":{"allow":["GET"]}}],"collection":[{"href":"https:\/\/www.toque-musicall.com\/index.php?rest_route=\/wp\/v2\/posts"}],"about":[{"href":"https:\/\/www.toque-musicall.com\/index.php?rest_route=\/wp\/v2\/types\/post"}],"author":[{"embeddable":true,"href":"https:\/\/www.toque-musicall.com\/index.php?rest_route=\/wp\/v2\/users\/1"}],"replies":[{"embeddable":true,"href":"https:\/\/www.toque-musicall.com\/index.php?rest_route=%2Fwp%2Fv2%2Fcomments&post=8631"}],"version-history":[{"count":1,"href":"https:\/\/www.toque-musicall.com\/index.php?rest_route=\/wp\/v2\/posts\/8631\/revisions"}],"predecessor-version":[{"id":8632,"href":"https:\/\/www.toque-musicall.com\/index.php?rest_route=\/wp\/v2\/posts\/8631\/revisions\/8632"}],"wp:attachment":[{"href":"https:\/\/www.toque-musicall.com\/index.php?rest_route=%2Fwp%2Fv2%2Fmedia&parent=8631"}],"wp:term":[{"taxonomy":"category","embeddable":true,"href":"https:\/\/www.toque-musicall.com\/index.php?rest_route=%2Fwp%2Fv2%2Fcategories&post=8631"},{"taxonomy":"post_tag","embeddable":true,"href":"https:\/\/www.toque-musicall.com\/index.php?rest_route=%2Fwp%2Fv2%2Ftags&post=8631"}],"curies":[{"name":"wp","href":"https:\/\/api.w.org\/{rel}","templated":true}]}}