{"id":8639,"date":"2021-07-18T00:57:00","date_gmt":"2021-07-18T03:57:00","guid":{"rendered":"https:\/\/www.toque-musicall.com\/?p=8639"},"modified":"2021-07-20T01:01:26","modified_gmt":"2021-07-20T04:01:26","slug":"selecoes-radio-no-1-1955","status":"publish","type":"post","link":"https:\/\/www.toque-musicall.com\/?p=8639","title":{"rendered":"Sele\u00e7\u00f5es R\u00e1dio N\u00ba 1 (1955)"},"content":{"rendered":"\n<figure class=\"wp-block-image size-large\"><img decoding=\"async\" src=\"https:\/\/1.bp.blogspot.com\/-hrPHRFHQWws\/YPZEuGma8OI\/AAAAAAAAUHk\/63lJLTMdN98o7DU77ftSZIsUpq3tz5SDQCLcBGAsYHQ\/w640-h640\/Captura%2Bde%2Btela%2B2021-07-20%2B003454.jpg\" alt=\"\"\/><\/figure>\n\n\n\n<figure class=\"wp-block-image size-large\"><img decoding=\"async\" src=\"https:\/\/1.bp.blogspot.com\/-67WbjYvWyZE\/YPZEuKehMYI\/AAAAAAAAUHo\/V6nNLODzH5ErhlBzC-8mbCYBH7xSxy0DwCLcBGAsYHQ\/w640-h630\/Captura%2Bde%2Btela%2B2021-07-20%2B003345.jpg\" alt=\"\"\/><\/figure>\n\n\n<div class=\"separator\">Ol\u00e1, meus amigos cultos e ocultos! Aqui temos hoje um disco de 10 polegadas do selo R\u00e1dio, lp lan\u00e7ado em 1955 trazendo uma sele\u00e7\u00e3o de artistas do &#8216;cast&#8217; desta gravadora. Eis aqui um dos primeiro exemplos de colet\u00e2nea promocional onde o selo pode mostrar num disco seu leque de op\u00e7\u00f5es. E aqui temos&#8230;<\/div>\n<div class=\"separator\">\u00a0<\/div>\n<div class=\"separator\">risque &#8211; silvio caldas<\/div>\n<div class=\"separator\">trem paulista &#8211; godoy e seu sexteto<\/div>\n<div class=\"separator\">sem piano &#8211; bandeirante e seus mel\u00f3dicos<\/div>\n<div class=\"separator\">feitio de ora\u00e7\u00e3o &#8211; mar\u00edlia batista<\/div>\n<div class=\"separator\">negrinho do pastoreio &#8211; grupo farroupilha<\/div>\n<div class=\"separator\">chuva e pranto &#8211; waldir calmon<\/div>\n<div class=\"separator\">tristeza eterna &#8211; edu da gaita<\/div>\n<div class=\"separator\">abismos de rosa &#8211; orquestra r\u00e1dio<\/div>\n<div class=\"separator\">\u00a0<\/div>\n<div class=\"separator\">\u00a0<\/div>\n<div class=\"separator\">\u00a0<\/div>","protected":false},"excerpt":{"rendered":"<p>Ol\u00e1, meus amigos cultos e ocultos! Aqui temos hoje um disco de 10 polegadas do selo R\u00e1dio, lp lan\u00e7ado em 1955 trazendo uma sele\u00e7\u00e3o de artistas do &#8216;cast&#8217; desta gravadora. Eis aqui um dos primeiro exemplos de colet\u00e2nea promocional onde &hellip; <a href=\"https:\/\/www.toque-musicall.com\/?p=8639\">Continue lendo <span class=\"meta-nav\">&rarr;<\/span><\/a><\/p>\n","protected":false},"author":1,"featured_media":0,"comment_status":"closed","ping_status":"closed","sticky":false,"template":"","format":"standard","meta":{"footnotes":""},"categories":[4625,4627,4624,4626,3511,2857,221,12,665],"tags":[4622,4101,4619,4623,4621,3647,4562,3495,4620,3841],"class_list":["post-8639","post","type-post","status-publish","format-standard","hentry","category-bandeirante-e-seus-melodicos","category-edu-da-gaita-2","category-godoy-e-seu-sexteto","category-grupo-farroupilha","category-marilia-batista-2","category-orquestra-radio","category-selo-radio","category-silvio-caldas","category-waldir-calmon","tag-bandeirante","tag-conjunto-farroupilha","tag-edu-da-gaita","tag-godoy-e-seu-sexteto","tag-maestro-guido-de-morais","tag-marilia-batista","tag-orquestra-radio","tag-selo-radio-3","tag-silvio-caldas","tag-waldir-calmon"],"_links":{"self":[{"href":"https:\/\/www.toque-musicall.com\/index.php?rest_route=\/wp\/v2\/posts\/8639","targetHints":{"allow":["GET"]}}],"collection":[{"href":"https:\/\/www.toque-musicall.com\/index.php?rest_route=\/wp\/v2\/posts"}],"about":[{"href":"https:\/\/www.toque-musicall.com\/index.php?rest_route=\/wp\/v2\/types\/post"}],"author":[{"embeddable":true,"href":"https:\/\/www.toque-musicall.com\/index.php?rest_route=\/wp\/v2\/users\/1"}],"replies":[{"embeddable":true,"href":"https:\/\/www.toque-musicall.com\/index.php?rest_route=%2Fwp%2Fv2%2Fcomments&post=8639"}],"version-history":[{"count":1,"href":"https:\/\/www.toque-musicall.com\/index.php?rest_route=\/wp\/v2\/posts\/8639\/revisions"}],"predecessor-version":[{"id":8640,"href":"https:\/\/www.toque-musicall.com\/index.php?rest_route=\/wp\/v2\/posts\/8639\/revisions\/8640"}],"wp:attachment":[{"href":"https:\/\/www.toque-musicall.com\/index.php?rest_route=%2Fwp%2Fv2%2Fmedia&parent=8639"}],"wp:term":[{"taxonomy":"category","embeddable":true,"href":"https:\/\/www.toque-musicall.com\/index.php?rest_route=%2Fwp%2Fv2%2Fcategories&post=8639"},{"taxonomy":"post_tag","embeddable":true,"href":"https:\/\/www.toque-musicall.com\/index.php?rest_route=%2Fwp%2Fv2%2Ftags&post=8639"}],"curies":[{"name":"wp","href":"https:\/\/api.w.org\/{rel}","templated":true}]}}