{"id":864,"date":"2010-04-27T23:44:00","date_gmt":"2010-04-27T23:44:00","guid":{"rendered":"http:\/\/www.toque-musicall.com\/?p=864"},"modified":"2010-04-27T23:44:00","modified_gmt":"2010-04-27T23:44:00","slug":"sexteto-prestige-musica-e-festa-1958","status":"publish","type":"post","link":"https:\/\/www.toque-musicall.com\/?p=864","title":{"rendered":"Sexteto Prestige &#8211; M\u00fasica E Festa (1958)"},"content":{"rendered":"<p><a href=\"http:\/\/1.bp.blogspot.com\/_DSKVEvHtskc\/S9d3ZjKNEwI\/AAAAAAAAGdk\/NFL6jxJqhtQ\/s1600\/sexteto+prestige+P.JPG\"><img decoding=\"async\" style=\"TEXT-ALIGN: center; MARGIN: 0px auto 10px; WIDTH: 400px; DISPLAY: block; HEIGHT: 400px; CURSOR: hand\" id=\"BLOGGER_PHOTO_ID_5464967953655862018\" border=\"0\" alt=\"\" src=\"http:\/\/1.bp.blogspot.com\/_DSKVEvHtskc\/S9d3ZjKNEwI\/AAAAAAAAGdk\/NFL6jxJqhtQ\/s400\/sexteto+prestige+P.JPG\" \/><\/a> Ol\u00e1 amigos cultos e ocultos! Estou um pouco atrasado na postagem, mas ainda estamos em dia. Vejam voc\u00eas como s\u00e3o as coisas&#8230; O tal advogado me retornou ap\u00f3s a minha resposta. Dizia ele: <em>Prezado Senhor, Respeitando os seus argumentos &#8211; os quais j\u00e1 escutamos por diversas vezes de outras pessoas &#8211; reiteramos que retire de imediato o audio de seu blog, sob pena do devido processo legal.  Atenciosamente, Dr. Francisco Rezende<\/em> (ta\u00ed o nome do h\u00f4mi). Resolvi entrar na brincadeira e respondi novamente (o que \u00e9 uma verdade), n\u00e3o tenho nenhum arquivo de \u00e1udio no blog e muito menos link. H\u00e1 sim, uma indica\u00e7\u00e3o no Coment\u00e1rios de um endere\u00e7o, o qual o visitante poder\u00e1 copiar e depois colar no seu navegador e assim ir ao site onde o arquivo de \u00e1udio esta dispon\u00edvel para baixar. Dizer que o que eu fa\u00e7o \u00e9 pirataria \u00e9 aplicar errado o termo, no sentido de ofender. Mas eu n\u00e3o ligo, porque sei que a esses falta a consci\u00eancia e sempre nos pr\u00f3ximos cap\u00edtulos eles trope\u00e7am em suas pr\u00f3prias armadilhas. Quando a gente faz alguma coisa nessa vida por bem, \u00e9 imposs\u00edvel que ela acabe mal.<br \/>Bom, deixando de lado essas quest\u00f5es desagrad\u00e1veis, vamos ao disco do dia. Trago hoje este \u00e1lbum, o primeiro disco lan\u00e7ado pelo selo Prestige. &#8220;Chama-se assim, justamente porque n\u00e3o pretende ser apenas mais uma nova marca a fazer lan\u00e7amentos comuns, mas cercar seu nome de uma aur\u00e9ola de prest\u00edgio permanente, gra\u00e7as a uma s\u00e9rie de discos da mais alta qualidade t\u00e9cnica e art\u00edstica&#8221; Dessa maneira dizia o texto da contracapa, apresentando o primeiro disco e o conjunto da casa, o Sexteto Prestige, formado por m\u00fasicos que alguns dizem ser integrantes, o pianista Waldir Calmon e o saxofonista Moacyr Silva. De fato, n\u00e3o existe uma informa\u00e7\u00e3o, pelo menos eu n\u00e3o achei, sobre quem fazia parte do grupo. Suponho que o Sexteto Prestige, ao longo dos diversos \u00e1lbuns lan\u00e7ados, teve v\u00e1rias forma\u00e7\u00f5es. Vamos percebendo isso \u00e0 medida em que eu for postando aqui os outros discos da s\u00e9rie.<br \/>Quanto ao disco em si, o conte\u00fado musical, \u00e9 realmente de prestigiar. Temos aqui apenas quatro faixas, mas em cada uma delas vem uma sequ\u00eancia em &#8216;pot pourri&#8217;. S\u00e3o 16 sucessos nacionais e estrangeiros, entre os quais os de grandes nomes como Antonio Carlos Jobim, Billy Blanco, Ary Barroso e outros. Vejam a baixo&#8230;<\/p>\n<div align=\"center\">le gondolier<\/div>\n<div align=\"center\">cuando tu me quieras<\/div>\n<div align=\"center\">sonhando contigo<\/div>\n<div align=\"center\">mi oracion<\/div>\n<div align=\"center\">eu quero um samba<\/div>\n<div align=\"center\">faceira<\/div>\n<div align=\"center\">sonho e fantasia<\/div>\n<div align=\"center\">sal e pimenta<\/div>\n<div align=\"center\">a saudade mata a gente<\/div>\n<div align=\"center\">cabe\u00e7inha no ombro<\/div>\n<div align=\"center\">a grande verdade<\/div>\n<div align=\"center\">mocinho bonito<\/div>\n<div align=\"center\">interesseira<\/div>\n<div align=\"center\">apaixonada<\/div>\n<div align=\"center\">por causa de voc\u00ea <\/div>\n<div align=\"center\">perf\u00eddia<\/div>\n<div align=\"center\"><\/div>\n<div align=\"center\"><\/div>\n<div align=\"center\"> <\/div>\n<div align=\"center\"> <\/div>\n","protected":false},"excerpt":{"rendered":"<p>Ol\u00e1 amigos cultos e ocultos! Estou um pouco atrasado na postagem, mas ainda estamos em dia. Vejam voc\u00eas como s\u00e3o as coisas&#8230; O tal advogado me retornou ap\u00f3s a minha resposta. Dizia ele: Prezado Senhor, Respeitando os seus argumentos &#8211; &hellip; <a href=\"https:\/\/www.toque-musicall.com\/?p=864\">Continue lendo <span class=\"meta-nav\">&rarr;<\/span><\/a><\/p>\n","protected":false},"author":1,"featured_media":0,"comment_status":"open","ping_status":"closed","sticky":false,"template":"","format":"standard","meta":{"footnotes":""},"categories":[171,170],"tags":[],"class_list":["post-864","post","type-post","status-publish","format-standard","hentry","category-selo-prestige","category-sexteto-prestige"],"_links":{"self":[{"href":"https:\/\/www.toque-musicall.com\/index.php?rest_route=\/wp\/v2\/posts\/864","targetHints":{"allow":["GET"]}}],"collection":[{"href":"https:\/\/www.toque-musicall.com\/index.php?rest_route=\/wp\/v2\/posts"}],"about":[{"href":"https:\/\/www.toque-musicall.com\/index.php?rest_route=\/wp\/v2\/types\/post"}],"author":[{"embeddable":true,"href":"https:\/\/www.toque-musicall.com\/index.php?rest_route=\/wp\/v2\/users\/1"}],"replies":[{"embeddable":true,"href":"https:\/\/www.toque-musicall.com\/index.php?rest_route=%2Fwp%2Fv2%2Fcomments&post=864"}],"version-history":[{"count":0,"href":"https:\/\/www.toque-musicall.com\/index.php?rest_route=\/wp\/v2\/posts\/864\/revisions"}],"wp:attachment":[{"href":"https:\/\/www.toque-musicall.com\/index.php?rest_route=%2Fwp%2Fv2%2Fmedia&parent=864"}],"wp:term":[{"taxonomy":"category","embeddable":true,"href":"https:\/\/www.toque-musicall.com\/index.php?rest_route=%2Fwp%2Fv2%2Fcategories&post=864"},{"taxonomy":"post_tag","embeddable":true,"href":"https:\/\/www.toque-musicall.com\/index.php?rest_route=%2Fwp%2Fv2%2Ftags&post=864"}],"curies":[{"name":"wp","href":"https:\/\/api.w.org\/{rel}","templated":true}]}}