{"id":8657,"date":"2021-07-26T00:58:00","date_gmt":"2021-07-26T03:58:00","guid":{"rendered":"https:\/\/www.toque-musicall.com\/?p=8657"},"modified":"2021-07-29T01:02:38","modified_gmt":"2021-07-29T04:02:38","slug":"lago-azul-1955","status":"publish","type":"post","link":"https:\/\/www.toque-musicall.com\/?p=8657","title":{"rendered":"Lago Azul (1955)"},"content":{"rendered":"\n<figure class=\"wp-block-image size-large\"><img decoding=\"async\" src=\"https:\/\/1.bp.blogspot.com\/-eNu-1NaxZZ0\/YQIN-a7JkdI\/AAAAAAAAUKQ\/741O214zeqoGI1vkjBx1cqm1oROKq1eSACLcBGAsYHQ\/w640-h626\/Captura%2Bde%2Btela%2B2021-07-26%2B185707.jpg\" alt=\"\"\/><\/figure>\n\n\n\n<figure class=\"wp-block-image size-large\"><img decoding=\"async\" src=\"https:\/\/1.bp.blogspot.com\/-Wj9axoANmWM\/YQIN-Y87idI\/AAAAAAAAUKM\/MVx8OHrlsDUFsjKKbavGVeuv2C5ubnjkgCLcBGAsYHQ\/w640-h612\/Captura%2Bde%2Btela%2B2021-07-26%2B185422.jpg\" alt=\"\"\/><\/figure>\n\n\n<div class=\"separator\">Boa noite, caros amigos cultos e ocultos! Daqui h\u00e1 pouco menos de uma semana estaremos completando 14 anos, oficialmente, de atua\u00e7\u00e3o constante, levando a todos o nosso toque musical.\u00a0<\/div>\n<div class=\"separator\">Seguindo, temos aqui uma pequena mas boa colet\u00e2nea do selo Columbia trazendo uma sele\u00e7\u00e3o de alguns de seus artistas de sucesso. Uma maneira de unir o \u00fatil ao agrad\u00e1vel, ou seja, a gravadora reunia num lp de divulga\u00e7\u00e3o seus diversos artistas e o p\u00fablico tinha a oportunidade de ter uma amostra de cada uma desses num s\u00f3 disco. E esta, de 55 est\u00e1 bem sortida, vejam s\u00f3&#8230;.<\/div>\n<div class=\"separator\">\u00a0<\/div>\n<div class=\"separator\">lago azul &#8211; ellen de lima com renato de oliveira e sua orquestra<\/div>\n<div class=\"separator\">tu, s\u00f3 tu &#8211; cauby peixoto<\/div>\n<div class=\"separator\">teu olhar &#8211; helena ribeiro com renato de oliveira e sua orquestra<\/div>\n<div class=\"separator\">mar negro &#8211; d\u00e9o<\/div>\n<div class=\"separator\">sorri &#8211; ivan de alencar<\/div>\n<div class=\"separator\">sedu\u00e7\u00e3o &#8211; zez\u00e9 gonzaga<\/div>\n<div class=\"separator\">can\u00e7\u00e3o sem nome &#8211; carlos henrique com renato de oliveira e sua orquestra<\/div>\n<div class=\"separator\">valsa do adeus &#8211; mary duarte e orquestra<\/div>\n<div class=\"separator\">\u00a0<\/div>\n<div class=\"separator\">\u00a0<\/div>\n<div class=\"separator\">.<\/div>","protected":false},"excerpt":{"rendered":"<p>Boa noite, caros amigos cultos e ocultos! Daqui h\u00e1 pouco menos de uma semana estaremos completando 14 anos, oficialmente, de atua\u00e7\u00e3o constante, levando a todos o nosso toque musical.\u00a0 Seguindo, temos aqui uma pequena mas boa colet\u00e2nea do selo Columbia &hellip; <a href=\"https:\/\/www.toque-musicall.com\/?p=8657\">Continue lendo <span class=\"meta-nav\">&rarr;<\/span><\/a><\/p>\n","protected":false},"author":1,"featured_media":0,"comment_status":"closed","ping_status":"closed","sticky":false,"template":"","format":"standard","meta":{"footnotes":""},"categories":[270,177,141,888,4640,4641,2914,269,338],"tags":[4638,4391,4634,4635,4636,4637,4639,3238,4597],"class_list":["post-8657","post","type-post","status-publish","format-standard","hentry","category-carlos-henrique","category-cauby-peixoto","category-deo","category-ellen-de-lima","category-helena-ribeiro","category-ivan-de-alencar","category-mary-duarte","category-selo-columbia","category-zeze-gonzaga","tag-carlos-henrique","tag-cauby-peixoto","tag-deo","tag-ellen-de-lima","tag-helena-ribeiro","tag-ivan-de-alencar","tag-mary-duarte","tag-selo-columbia","tag-zeze-gonzaga"],"_links":{"self":[{"href":"https:\/\/www.toque-musicall.com\/index.php?rest_route=\/wp\/v2\/posts\/8657","targetHints":{"allow":["GET"]}}],"collection":[{"href":"https:\/\/www.toque-musicall.com\/index.php?rest_route=\/wp\/v2\/posts"}],"about":[{"href":"https:\/\/www.toque-musicall.com\/index.php?rest_route=\/wp\/v2\/types\/post"}],"author":[{"embeddable":true,"href":"https:\/\/www.toque-musicall.com\/index.php?rest_route=\/wp\/v2\/users\/1"}],"replies":[{"embeddable":true,"href":"https:\/\/www.toque-musicall.com\/index.php?rest_route=%2Fwp%2Fv2%2Fcomments&post=8657"}],"version-history":[{"count":1,"href":"https:\/\/www.toque-musicall.com\/index.php?rest_route=\/wp\/v2\/posts\/8657\/revisions"}],"predecessor-version":[{"id":8658,"href":"https:\/\/www.toque-musicall.com\/index.php?rest_route=\/wp\/v2\/posts\/8657\/revisions\/8658"}],"wp:attachment":[{"href":"https:\/\/www.toque-musicall.com\/index.php?rest_route=%2Fwp%2Fv2%2Fmedia&parent=8657"}],"wp:term":[{"taxonomy":"category","embeddable":true,"href":"https:\/\/www.toque-musicall.com\/index.php?rest_route=%2Fwp%2Fv2%2Fcategories&post=8657"},{"taxonomy":"post_tag","embeddable":true,"href":"https:\/\/www.toque-musicall.com\/index.php?rest_route=%2Fwp%2Fv2%2Ftags&post=8657"}],"curies":[{"name":"wp","href":"https:\/\/api.w.org\/{rel}","templated":true}]}}