{"id":8659,"date":"2021-07-27T01:02:00","date_gmt":"2021-07-27T04:02:00","guid":{"rendered":"https:\/\/www.toque-musicall.com\/?p=8659"},"modified":"2021-07-29T01:05:42","modified_gmt":"2021-07-29T04:05:42","slug":"orquestra-los-danseros-los-danseros-en-bolero-1964","status":"publish","type":"post","link":"https:\/\/www.toque-musicall.com\/?p=8659","title":{"rendered":"Orquestra Los Danseros &#8211; Los Danseros En Bolero (1964)"},"content":{"rendered":"\n<figure class=\"wp-block-image size-large\"><img decoding=\"async\" src=\"https:\/\/1.bp.blogspot.com\/-Fet4VaiYn4U\/YQIYIeZoFUI\/AAAAAAAAUKc\/iXuXFV1IaLsHAGNT06JBcUyUlHv2vEsswCLcBGAsYHQ\/w636-h640\/Captura%2Bde%2Btela%2B2021-07-28%2B234204.jpg\" alt=\"\"\/><\/figure>\n\n\n\n<figure class=\"wp-block-image size-large\"><img decoding=\"async\" src=\"https:\/\/1.bp.blogspot.com\/-x7w3xHLYkPE\/YQIYIRpqIYI\/AAAAAAAAUKg\/Ft1UQQn5giM9ReAzoKWvo9ijDVg-Q8h8gCLcBGAsYHQ\/w628-h640\/Captura%2Bde%2Btela%2B2021-07-28%2B234349.jpg\" alt=\"\"\/><\/figure>\n\n\n<div class=\"separator\">Boa noite, meus caros amigos cultos e ocultos! Aqui temos hoje um disco que h\u00e1 muito j\u00e1 devia estar em nossa lista, faltou mesmo foi a oportunidade. E hoje \u00e9 dele e de todos voc\u00eas \ud83d\ude09<\/div>\n<div class=\"separator\">&#8220;Orquestra Los Danseros &#8211; Los Danseros En Bolero&#8221;, lp lan\u00e7ado em 1964, pelo selo Equipe. Se tornou um disco c\u00e9lebre por conta do ent\u00e3o jovem maestro e arranjador\u00a0 Eumir Deodato no comando de um time de outros grandes instrumentistas, os quais eu nem vou citar aqui para n\u00e3o dar trabalho, mas j\u00e1 de cara, na contracapa j\u00e1 se v\u00ea listado o nome de cada um no time. Sem mesmo ter ouvido as m\u00fasica, somente por essa turma d\u00e1 para imaginar o n\u00edvel deste trabalho que foi um filho \u00fanico. Na verdade, j\u00e1 no final dos anos 60, Los Danseros foi &#8216;lan\u00e7ado&#8217; novamente com outros nomes, em outros dois discos (Orquestra Don Camacho e The Midnight Orchestra). O repert\u00f3rio, em si, n\u00e3o foge do convencional e para o que foi proposto, dentro de uma \u00e9poca em que o bolero e a dan\u00e7a ainda estavam em alta, ele se mant\u00e9m com um sequencia musical, praticamente, toda recheada de temas de sucessos internacionais, com duas m\u00fasicas a cada faixa. Destaque para &#8220;Oba-la-la&#8221;, de Jo\u00e3o Gilberto, que \u00e9 a \u00fanica de um autor brasileiro. Disco bacana, quem ainda n\u00e3o conhece, eu recomendo&#8230;<\/div>\n<div class=\"separator\">\u00a0<\/div>\n<div class=\"separator\">sally&#8217;s tomato &#8211; teatch me tonight<\/div>\n<div class=\"separator\">so in love &#8211; echo of love<\/div>\n<div class=\"separator\">on the street where you live &#8211; i could have danced all night<\/div>\n<div class=\"separator\">easy to love &#8211; yesterday&#8217;s<\/div>\n<div class=\"separator\">\u00a0just for tonight &#8211; moon river<\/div>\n<div class=\"separator\">quando &#8211; au revoir<\/div>\n<div class=\"separator\">mr lucky &#8211; speack low<\/div>\n<div class=\"separator\">days of wine and roses &#8211; misty<\/div>\n<div class=\"separator\">dans mon ille &#8211; ay mourir pour toi<\/div>\n<div class=\"separator\">flyme to the moon &#8211; our day will come<\/div>\n<div class=\"separator\">oba-l\u00e1-l\u00e1 &#8211; la puerta<\/div>\n<div class=\"separator\">dansero &#8211; the misfits<\/div>\n<div class=\"separator\">\u00a0<\/div>\n<div class=\"separator\">\u00a0<\/div>\n<div class=\"separator\">.<\/div>\n<div class=\"separator\">\u00a0<\/div>","protected":false},"excerpt":{"rendered":"<p>Boa noite, meus caros amigos cultos e ocultos! Aqui temos hoje um disco que h\u00e1 muito j\u00e1 devia estar em nossa lista, faltou mesmo foi a oportunidade. E hoje \u00e9 dele e de todos voc\u00eas \ud83d\ude09 &#8220;Orquestra Los Danseros &#8211; &hellip; <a href=\"https:\/\/www.toque-musicall.com\/?p=8659\">Continue lendo <span class=\"meta-nav\">&rarr;<\/span><\/a><\/p>\n","protected":false},"author":1,"featured_media":0,"comment_status":"closed","ping_status":"closed","sticky":false,"template":"","format":"standard","meta":{"footnotes":""},"categories":[1071,4642,275],"tags":[3100,4643,3101],"class_list":["post-8659","post","type-post","status-publish","format-standard","hentry","category-eumir-deodato","category-orquestra-los-danseros","category-selo-equipe","tag-eumir-deodato","tag-orquestra-los-danseros","tag-selo-equipe"],"_links":{"self":[{"href":"https:\/\/www.toque-musicall.com\/index.php?rest_route=\/wp\/v2\/posts\/8659","targetHints":{"allow":["GET"]}}],"collection":[{"href":"https:\/\/www.toque-musicall.com\/index.php?rest_route=\/wp\/v2\/posts"}],"about":[{"href":"https:\/\/www.toque-musicall.com\/index.php?rest_route=\/wp\/v2\/types\/post"}],"author":[{"embeddable":true,"href":"https:\/\/www.toque-musicall.com\/index.php?rest_route=\/wp\/v2\/users\/1"}],"replies":[{"embeddable":true,"href":"https:\/\/www.toque-musicall.com\/index.php?rest_route=%2Fwp%2Fv2%2Fcomments&post=8659"}],"version-history":[{"count":1,"href":"https:\/\/www.toque-musicall.com\/index.php?rest_route=\/wp\/v2\/posts\/8659\/revisions"}],"predecessor-version":[{"id":8660,"href":"https:\/\/www.toque-musicall.com\/index.php?rest_route=\/wp\/v2\/posts\/8659\/revisions\/8660"}],"wp:attachment":[{"href":"https:\/\/www.toque-musicall.com\/index.php?rest_route=%2Fwp%2Fv2%2Fmedia&parent=8659"}],"wp:term":[{"taxonomy":"category","embeddable":true,"href":"https:\/\/www.toque-musicall.com\/index.php?rest_route=%2Fwp%2Fv2%2Fcategories&post=8659"},{"taxonomy":"post_tag","embeddable":true,"href":"https:\/\/www.toque-musicall.com\/index.php?rest_route=%2Fwp%2Fv2%2Ftags&post=8659"}],"curies":[{"name":"wp","href":"https:\/\/api.w.org\/{rel}","templated":true}]}}