{"id":8661,"date":"2021-07-28T01:05:00","date_gmt":"2021-07-28T04:05:00","guid":{"rendered":"https:\/\/www.toque-musicall.com\/?p=8661"},"modified":"2021-07-29T01:08:56","modified_gmt":"2021-07-29T04:08:56","slug":"carolina-cardoso-de-menezes-reminiscencias-1956","status":"publish","type":"post","link":"https:\/\/www.toque-musicall.com\/?p=8661","title":{"rendered":"Carolina Cardoso De Menezes &#8211; Reminisc\u00eancias (1956)"},"content":{"rendered":"\n<figure class=\"wp-block-image size-large\"><img decoding=\"async\" src=\"https:\/\/1.bp.blogspot.com\/-pRX_NkCFp6Q\/YQIiDlxLYmI\/AAAAAAAAUKs\/QwGcOhweyOss55KsN61QcnQHS0tBquooACLcBGAsYHQ\/w636-h640\/Captura%2Bde%2Btela%2B2021-07-06%2B124537.jpg\" alt=\"\"\/><\/figure>\n\n\n\n<figure class=\"wp-block-image size-large\"><img decoding=\"async\" src=\"https:\/\/1.bp.blogspot.com\/-KbDhJKO1NlI\/YQIiDiRlG2I\/AAAAAAAAUKw\/QzvvOHMJWr8_YganzPW1XKcpqtVBmN83gCLcBGAsYHQ\/w626-h640\/Captura%2Bde%2Btela%2B2021-07-29%2B003151.jpg\" alt=\"\"\/><\/figure>\n\n\n<div class=\"separator\">Al\u00f4, al\u00f4&#8230; amigos cultos e ocultos! Estamos bem na v\u00e9spera de nosso anivers\u00e1rio e apesar dos pesares, eu pensei em fazer algo especial, ter alguma coisa que marcasse esse momento&#8230; Enfim, dar a voc\u00eas algo que s\u00f3 mesmo aqui no Toque Musical se consegue. Vamos ver o que vem por a\u00ed&#8230;\u00a0<\/div>\n<div class=\"separator\">Por hora, seguimos da dobradinha &#8217;10 por 12&#8242;, desta vez destacando a genial pianista Carolina Cardoso de Menezes em mais um de seus lps. Digo mais um porque Carolina \u00e9 uma das artistas que mais apareceu por aqui ao longo de nosso percurso. E aqui, mais uma vez, temos dela este lp, de 56, lan\u00e7ado pela Sinter, cujo repert\u00f3rio de oito m\u00fasicas deve ter embalado alegremente muitas festas dan\u00e7antes. Disquinho gostoso de dan\u00e7ar e tamb\u00e9m de ouvir. Vale a pena conferir&#8230;<\/div>\n<div class=\"separator\">\u00a0<\/div>\n<div class=\"separator\">pombo correio<\/div>\n<div class=\"separator\">tenderly<\/div>\n<div class=\"separator\">luar de paquet\u00e1<\/div>\n<div class=\"separator\">expressinho<\/div>\n<div class=\"separator\">no cresp\u00fasculo<\/div>\n<div class=\"separator\">malandrinho<\/div>\n<div class=\"separator\">baionando<\/div>\n<div class=\"separator\">escorregando<\/div>\n<div class=\"separator\">\u00a0<\/div>\n<div class=\"separator\">.<\/div>","protected":false},"excerpt":{"rendered":"<p>Al\u00f4, al\u00f4&#8230; amigos cultos e ocultos! Estamos bem na v\u00e9spera de nosso anivers\u00e1rio e apesar dos pesares, eu pensei em fazer algo especial, ter alguma coisa que marcasse esse momento&#8230; Enfim, dar a voc\u00eas algo que s\u00f3 mesmo aqui no &hellip; <a href=\"https:\/\/www.toque-musicall.com\/?p=8661\">Continue lendo <span class=\"meta-nav\">&rarr;<\/span><\/a><\/p>\n","protected":false},"author":1,"featured_media":0,"comment_status":"closed","ping_status":"closed","sticky":false,"template":"","format":"standard","meta":{"footnotes":""},"categories":[8,261],"tags":[4644,3597],"class_list":["post-8661","post","type-post","status-publish","format-standard","hentry","category-carolina-cardoso-de-menezes","category-selo-sinter","tag-carolina-cardoso-de-menezes","tag-selo-sinter"],"_links":{"self":[{"href":"https:\/\/www.toque-musicall.com\/index.php?rest_route=\/wp\/v2\/posts\/8661","targetHints":{"allow":["GET"]}}],"collection":[{"href":"https:\/\/www.toque-musicall.com\/index.php?rest_route=\/wp\/v2\/posts"}],"about":[{"href":"https:\/\/www.toque-musicall.com\/index.php?rest_route=\/wp\/v2\/types\/post"}],"author":[{"embeddable":true,"href":"https:\/\/www.toque-musicall.com\/index.php?rest_route=\/wp\/v2\/users\/1"}],"replies":[{"embeddable":true,"href":"https:\/\/www.toque-musicall.com\/index.php?rest_route=%2Fwp%2Fv2%2Fcomments&post=8661"}],"version-history":[{"count":1,"href":"https:\/\/www.toque-musicall.com\/index.php?rest_route=\/wp\/v2\/posts\/8661\/revisions"}],"predecessor-version":[{"id":8662,"href":"https:\/\/www.toque-musicall.com\/index.php?rest_route=\/wp\/v2\/posts\/8661\/revisions\/8662"}],"wp:attachment":[{"href":"https:\/\/www.toque-musicall.com\/index.php?rest_route=%2Fwp%2Fv2%2Fmedia&parent=8661"}],"wp:term":[{"taxonomy":"category","embeddable":true,"href":"https:\/\/www.toque-musicall.com\/index.php?rest_route=%2Fwp%2Fv2%2Fcategories&post=8661"},{"taxonomy":"post_tag","embeddable":true,"href":"https:\/\/www.toque-musicall.com\/index.php?rest_route=%2Fwp%2Fv2%2Ftags&post=8661"}],"curies":[{"name":"wp","href":"https:\/\/api.w.org\/{rel}","templated":true}]}}