{"id":8664,"date":"2021-07-29T22:53:00","date_gmt":"2021-07-30T01:53:00","guid":{"rendered":"https:\/\/www.toque-musicall.com\/?p=8664"},"modified":"2021-07-30T18:53:05","modified_gmt":"2021-07-30T21:53:05","slug":"choveu-de-amor-uma-coletanea-apaixonada-2021","status":"publish","type":"post","link":"https:\/\/www.toque-musicall.com\/?p=8664","title":{"rendered":"Choveu De Amor &#8211; Uma Colet\u00e2nea Apaixonada (2021)"},"content":{"rendered":"\n<figure class=\"wp-block-image size-large\"><img decoding=\"async\" src=\"https:\/\/1.bp.blogspot.com\/-iEXtrLGAl0M\/YQNqDqTeogI\/AAAAAAAAUK8\/nZNRsNoqExUYzUXOrQEyLJWr_gLPd0k-gCLcBGAsYHQ\/w638-h640\/Captura%2Bde%2Btela%2B2021-06-16%2B221255.jpg\" alt=\"\"\/><\/figure>\n\n\n\n<figure class=\"wp-block-image size-large\"><img decoding=\"async\" src=\"https:\/\/1.bp.blogspot.com\/-jEEkfPV5XQs\/YQRzaJI-VeI\/AAAAAAAAULM\/8f1dlk6LcQ0bWv1uYUptwfn5M43JtAGfwCLcBGAsYHQ\/w630-h640\/Captura%2Bde%2Btela%2B2021-06-16%2B221356.jpg\" alt=\"\"\/><\/figure>\n\n\n<div class=\"separator\">Boa noite, meus caros amigos, cultos e ocultos! Amanh\u00e3, o Toque Musical completa 14 anos, oficialmente. Inacredit\u00e1vel&#8230; N\u00e3o pensei que cheg\u00e1ssemos a tanto, mas tudo propiciou, foi circunstancial, al\u00e9m da minha persist\u00eancia e esse prazer danado desse compromisso&#8230; Viva n\u00f3s!<\/div>\n<div class=\"separator\">Em raz\u00e3o de nosso anivers\u00e1rio, busquei produzir alguns &#8220;presentinhos&#8221;, coisas que sempre fizeram parte desse nosso toque musical, que s\u00e3o as cria\u00e7\u00f5es exclusivas, colet\u00e2neas, registros raros, etc.. E assim, nasceu uma dessas produ\u00e7\u00f5es que hoje eu apresento a voc\u00eas.<\/div>\n<div class=\"separator\">&#8220;Choveu de Amor &#8211; Uma Colet\u00e2nea Apaixonada&#8221; \u00e9 uma colet\u00e2nea com can\u00e7\u00f5es de diferentes \u00e9pocas, mas que refletem um momento de paix\u00e3o e tristeza, de amor e solid\u00e3o, daqueles que choram por seu amor perdido, pelo destino que as vezes nos parece t\u00e3o cruel. \u00c9 mesmo uma sele\u00e7\u00e3o que eu fiz escolhendo a dedo, m\u00fasicas que gosto muito e que\u00a0 refletem o momento de muita gente, inclusive o de um grande amigo. E se n\u00e3o \u00e9 para ele, foi pensando nele, na sua dor&#8230; \u00c9 tamb\u00e9m uma sele\u00e7\u00e3o musical que \u00e9 um presente, um &#8216;playlist&#8217; que o Toque Musical oferece em seu anivers\u00e1rio. Confiram e amanh\u00e3 tem mais&#8230;<\/div>\n<div class=\"separator\">\u00a0<\/div>\n<div class=\"separator\">chora cora\u00e7\u00e3o &#8211; maria creuza<\/div>\n<div class=\"separator\">meu amor (my love) &#8211; tunai<\/div>\n<div class=\"separator\">homem n\u00e3o chora &#8211; alzira esp\u00edndola<\/div>\n<div class=\"separator\">passageira &#8211; ab\u00edlio manoel<\/div>\n<div class=\"separator\">s\u00f3 se for n\u00f3s dois &#8211; adriana<\/div>\n<div class=\"separator\">terna saudade (por um beijo) &#8211; v\u00e2nia bastos<\/div>\n<div class=\"separator\">eu sei que vou te amar &#8211; maria creuza, toquinho e vin\u00edcius<\/div>\n<div class=\"separator\">eu n\u00e3o existo sem voc\u00ea &#8211; vanja orico<\/div>\n<div class=\"separator\">chove l\u00e1 fora &#8211; agostinho dos santos<\/div>\n<div class=\"separator\">o amor em paz &#8211; ana caram<\/div>\n<div class=\"separator\">onde est\u00e1 voc\u00ea &#8211; alaide costa<\/div>\n<div class=\"separator\">nossa can\u00e7\u00e3o &#8211; vanessa da mata<\/div>\n<div class=\"separator\">s\u00f3 voc\u00ea &#8211; agostinho dos santos<\/div>\n<div class=\"separator\">\u00a0<\/div>\n<div class=\"separator\">\u00a0<\/div>\n<div class=\"separator\">.<\/div>\n<div class=\"separator\">\u00a0<\/div>","protected":false},"excerpt":{"rendered":"<p>Boa noite, meus caros amigos, cultos e ocultos! Amanh\u00e3, o Toque Musical completa 14 anos, oficialmente. Inacredit\u00e1vel&#8230; N\u00e3o pensei que cheg\u00e1ssemos a tanto, mas tudo propiciou, foi circunstancial, al\u00e9m da minha persist\u00eancia e esse prazer danado desse compromisso&#8230; Viva n\u00f3s! &hellip; <a href=\"https:\/\/www.toque-musicall.com\/?p=8664\">Continue lendo <span class=\"meta-nav\">&rarr;<\/span><\/a><\/p>\n","protected":false},"author":1,"featured_media":0,"comment_status":"closed","ping_status":"closed","sticky":false,"template":"","format":"standard","meta":{"footnotes":""},"categories":[4645,64,3478,701],"tags":[4646,3158,3429,4647],"class_list":["post-8664","post","type-post","status-publish","format-standard","hentry","category-choveu-de-amor","category-coletanea","category-exclusivo-do-toque-musical","category-selo-toque-musical","tag-choveu-de-amor","tag-coletanea","tag-exclusivos-do-toque-musical","tag-selo-toque-musical"],"_links":{"self":[{"href":"https:\/\/www.toque-musicall.com\/index.php?rest_route=\/wp\/v2\/posts\/8664","targetHints":{"allow":["GET"]}}],"collection":[{"href":"https:\/\/www.toque-musicall.com\/index.php?rest_route=\/wp\/v2\/posts"}],"about":[{"href":"https:\/\/www.toque-musicall.com\/index.php?rest_route=\/wp\/v2\/types\/post"}],"author":[{"embeddable":true,"href":"https:\/\/www.toque-musicall.com\/index.php?rest_route=\/wp\/v2\/users\/1"}],"replies":[{"embeddable":true,"href":"https:\/\/www.toque-musicall.com\/index.php?rest_route=%2Fwp%2Fv2%2Fcomments&post=8664"}],"version-history":[{"count":3,"href":"https:\/\/www.toque-musicall.com\/index.php?rest_route=\/wp\/v2\/posts\/8664\/revisions"}],"predecessor-version":[{"id":8668,"href":"https:\/\/www.toque-musicall.com\/index.php?rest_route=\/wp\/v2\/posts\/8664\/revisions\/8668"}],"wp:attachment":[{"href":"https:\/\/www.toque-musicall.com\/index.php?rest_route=%2Fwp%2Fv2%2Fmedia&parent=8664"}],"wp:term":[{"taxonomy":"category","embeddable":true,"href":"https:\/\/www.toque-musicall.com\/index.php?rest_route=%2Fwp%2Fv2%2Fcategories&post=8664"},{"taxonomy":"post_tag","embeddable":true,"href":"https:\/\/www.toque-musicall.com\/index.php?rest_route=%2Fwp%2Fv2%2Ftags&post=8664"}],"curies":[{"name":"wp","href":"https:\/\/api.w.org\/{rel}","templated":true}]}}